
{"id":18766,"date":"2017-12-19T19:20:39","date_gmt":"2017-12-19T19:20:39","guid":{"rendered":"https:\/\/www.lejournalduforkane.com\/?p=18766"},"modified":"2017-12-19T19:20:39","modified_gmt":"2017-12-19T19:20:39","slug":"video-regardez-lampleur-des-degats-du-au-missile-balistique-lance-par-la-resistance-yemenite-contre-le-palais-royal-de-yamamah-a-riyad-arabie-saoudite","status":"publish","type":"post","link":"https:\/\/www.lejournalduforkane.com\/index.php\/video-regardez-lampleur-des-degats-du-au-missile-balistique-lance-par-la-resistance-yemenite-contre-le-palais-royal-de-yamamah-a-riyad-arabie-saoudite\/","title":{"rendered":"[Vid\u00e9o] | Regardez l\u2019ampleur des d\u00e9g\u00e2ts d\u00fb au missile balistique lanc\u00e9 par la r\u00e9sistance y\u00e9m\u00e9nite contre le palais royal de Yamamah \u00e0 Riyad (Arabie Saoudite)"},"content":{"rendered":"<p><!--more--><\/p>\n<p style=\"text-align: justify;\">VIVE LA R\u00c9SISTANCE YEMENITE<\/p>\n<p><iframe loading=\"lazy\" src=\"https:\/\/www.youtube.com\/embed\/3JYaOs2GC28\" width=\"560\" height=\"315\" frameborder=\"0\" allowfullscreen=\"allowfullscreen\"><\/iframe><\/p>\n","protected":false},"excerpt":{"rendered":"VIVE LA R\u00c9SISTANCE YEMENITE","protected":false},"author":2,"featured_media":0,"comment_status":"closed","ping_status":"open","sticky":false,"template":"","format":"standard","meta":[],"categories":[49],"tags":[],"_links":{"self":[{"href":"https:\/\/www.lejournalduforkane.com\/index.php\/wp-json\/wp\/v2\/posts\/18766"}],"collection":[{"href":"https:\/\/www.lejournalduforkane.com\/index.php\/wp-json\/wp\/v2\/posts"}],"about":[{"href":"https:\/\/www.lejournalduforkane.com\/index.php\/wp-json\/wp\/v2\/types\/post"}],"author":[{"embeddable":true,"href":"https:\/\/www.lejournalduforkane.com\/index.php\/wp-json\/wp\/v2\/users\/2"}],"replies":[{"embeddable":true,"href":"https:\/\/www.lejournalduforkane.com\/index.php\/wp-json\/wp\/v2\/comments?post=18766"}],"version-history":[{"count":1,"href":"https:\/\/www.lejournalduforkane.com\/index.php\/wp-json\/wp\/v2\/posts\/18766\/revisions"}],"predecessor-version":[{"id":18768,"href":"https:\/\/www.lejournalduforkane.com\/index.php\/wp-json\/wp\/v2\/posts\/18766\/revisions\/18768"}],"wp:attachment":[{"href":"https:\/\/www.lejournalduforkane.com\/index.php\/wp-json\/wp\/v2\/media?parent=18766"}],"wp:term":[{"taxonomy":"category","embeddable":true,"href":"https:\/\/www.lejournalduforkane.com\/index.php\/wp-json\/wp\/v2\/categories?post=18766"},{"taxonomy":"post_tag","embeddable":true,"href":"https:\/\/www.lejournalduforkane.com\/index.php\/wp-json\/wp\/v2\/tags?post=18766"}],"curies":[{"name":"wp","href":"https:\/\/api.w.org\/{rel}","templated":true}]}}