
{"id":18823,"date":"2017-12-24T07:27:13","date_gmt":"2017-12-24T07:27:13","guid":{"rendered":"https:\/\/www.lejournalduforkane.com\/?p=18823"},"modified":"2017-12-24T07:27:13","modified_gmt":"2017-12-24T07:27:13","slug":"malmo-suede-en-solidarite-avec-jerusalem-la-capitale-de-la-palestine-la-nuit-derniere","status":"publish","type":"post","link":"https:\/\/www.lejournalduforkane.com\/index.php\/malmo-suede-en-solidarite-avec-jerusalem-la-capitale-de-la-palestine-la-nuit-derniere\/","title":{"rendered":"Malm\u00f6, Su\u00e8de, en solidarit\u00e9 avec J\u00e9rusalem, la capitale de la Palestine, la nuit derni\u00e8re"},"content":{"rendered":"<p><!--more--><br \/>\n<iframe loading=\"lazy\" src=\"https:\/\/www.youtube.com\/embed\/XDyBPxCrKik\" width=\"560\" height=\"315\" frameborder=\"0\" allowfullscreen=\"allowfullscreen\"><\/iframe><\/p>\n","protected":false},"excerpt":{"rendered":"","protected":false},"author":2,"featured_media":0,"comment_status":"closed","ping_status":"open","sticky":false,"template":"","format":"standard","meta":[],"categories":[49],"tags":[],"_links":{"self":[{"href":"https:\/\/www.lejournalduforkane.com\/index.php\/wp-json\/wp\/v2\/posts\/18823"}],"collection":[{"href":"https:\/\/www.lejournalduforkane.com\/index.php\/wp-json\/wp\/v2\/posts"}],"about":[{"href":"https:\/\/www.lejournalduforkane.com\/index.php\/wp-json\/wp\/v2\/types\/post"}],"author":[{"embeddable":true,"href":"https:\/\/www.lejournalduforkane.com\/index.php\/wp-json\/wp\/v2\/users\/2"}],"replies":[{"embeddable":true,"href":"https:\/\/www.lejournalduforkane.com\/index.php\/wp-json\/wp\/v2\/comments?post=18823"}],"version-history":[{"count":1,"href":"https:\/\/www.lejournalduforkane.com\/index.php\/wp-json\/wp\/v2\/posts\/18823\/revisions"}],"predecessor-version":[{"id":18825,"href":"https:\/\/www.lejournalduforkane.com\/index.php\/wp-json\/wp\/v2\/posts\/18823\/revisions\/18825"}],"wp:attachment":[{"href":"https:\/\/www.lejournalduforkane.com\/index.php\/wp-json\/wp\/v2\/media?parent=18823"}],"wp:term":[{"taxonomy":"category","embeddable":true,"href":"https:\/\/www.lejournalduforkane.com\/index.php\/wp-json\/wp\/v2\/categories?post=18823"},{"taxonomy":"post_tag","embeddable":true,"href":"https:\/\/www.lejournalduforkane.com\/index.php\/wp-json\/wp\/v2\/tags?post=18823"}],"curies":[{"name":"wp","href":"https:\/\/api.w.org\/{rel}","templated":true}]}}