
{"id":18857,"date":"2017-12-26T19:43:54","date_gmt":"2017-12-26T19:43:54","guid":{"rendered":"https:\/\/www.lejournalduforkane.com\/?p=18857"},"modified":"2017-12-26T19:51:51","modified_gmt":"2017-12-26T19:51:51","slug":"video-le-yemen-le-cimetiere-de-ses-envahisseurs","status":"publish","type":"post","link":"https:\/\/www.lejournalduforkane.com\/index.php\/video-le-yemen-le-cimetiere-de-ses-envahisseurs\/","title":{"rendered":"[Vid\u00e9o] | Le Y\u00e9men, le cimeti\u00e8re de ses envahisseurs. \u00c9vitez le"},"content":{"rendered":"<p><!--more--><\/p>\n<p style=\"text-align: justify;\">Un documentaire incroyable sous-titr\u00e9s en anglais. Des invasions anciennes contre le Y\u00e9men&#8230;<\/p>\n<p style=\"text-align: justify;\">Pourquoi on l&rsquo;appelait \u00ab\u00a0le cimeti\u00e8re des envahisseurs\u00a0\u00bb, c&rsquo;est v\u00e9ridique, c&rsquo;est arriv\u00e9 !<\/p>\n<div class=\"text_exposed_show\">\n<p style=\"text-align: justify;\">&#8211; Campagne romaine sur le Y\u00e9men, 25 avant JC, par Caius Aelius Gallus qui \u00e9tait un pr\u00e9fet d&rsquo;\u00c9gypte sous le r\u00e8gne d&rsquo;Auguste,<\/p>\n<p style=\"text-align: justify;\">&#8211; Invasion d&rsquo;Aksoum, 525 ans.<\/p>\n<p style=\"text-align: justify;\">&#8211; Invasion des Sassanides, environ 575 ans.<\/p>\n<p style=\"text-align: justify;\">&#8211; Invasion des Ayoubides, 1173 ans.<\/p>\n<p><iframe loading=\"lazy\" width=\"560\" height=\"315\" src=\"https:\/\/www.youtube.com\/embed\/ZdLbjszDQkw\" frameborder=\"0\" gesture=\"media\" allow=\"encrypted-media\" allowfullscreen><\/iframe>\n<\/div>\n","protected":false},"excerpt":{"rendered":"Un documentaire incroyable sous-titr\u00e9s en anglais. Des invasions anciennes contre le Y\u00e9men... Pourquoi on l'appelait \"le cimeti\u00e8re des envahisseurs\", c'est v\u00e9ridique, c'est arriv\u00e9 ! - Campagne romaine sur le Y\u00e9men,","protected":false},"author":2,"featured_media":12647,"comment_status":"closed","ping_status":"open","sticky":false,"template":"","format":"standard","meta":[],"categories":[49],"tags":[],"_links":{"self":[{"href":"https:\/\/www.lejournalduforkane.com\/index.php\/wp-json\/wp\/v2\/posts\/18857"}],"collection":[{"href":"https:\/\/www.lejournalduforkane.com\/index.php\/wp-json\/wp\/v2\/posts"}],"about":[{"href":"https:\/\/www.lejournalduforkane.com\/index.php\/wp-json\/wp\/v2\/types\/post"}],"author":[{"embeddable":true,"href":"https:\/\/www.lejournalduforkane.com\/index.php\/wp-json\/wp\/v2\/users\/2"}],"replies":[{"embeddable":true,"href":"https:\/\/www.lejournalduforkane.com\/index.php\/wp-json\/wp\/v2\/comments?post=18857"}],"version-history":[{"count":1,"href":"https:\/\/www.lejournalduforkane.com\/index.php\/wp-json\/wp\/v2\/posts\/18857\/revisions"}],"predecessor-version":[{"id":18859,"href":"https:\/\/www.lejournalduforkane.com\/index.php\/wp-json\/wp\/v2\/posts\/18857\/revisions\/18859"}],"wp:featuredmedia":[{"embeddable":true,"href":"https:\/\/www.lejournalduforkane.com\/index.php\/wp-json\/wp\/v2\/media\/12647"}],"wp:attachment":[{"href":"https:\/\/www.lejournalduforkane.com\/index.php\/wp-json\/wp\/v2\/media?parent=18857"}],"wp:term":[{"taxonomy":"category","embeddable":true,"href":"https:\/\/www.lejournalduforkane.com\/index.php\/wp-json\/wp\/v2\/categories?post=18857"},{"taxonomy":"post_tag","embeddable":true,"href":"https:\/\/www.lejournalduforkane.com\/index.php\/wp-json\/wp\/v2\/tags?post=18857"}],"curies":[{"name":"wp","href":"https:\/\/api.w.org\/{rel}","templated":true}]}}