
{"id":18879,"date":"2017-12-28T19:38:45","date_gmt":"2017-12-28T19:38:45","guid":{"rendered":"https:\/\/www.lejournalduforkane.com\/?p=18879"},"modified":"2017-12-28T19:38:45","modified_gmt":"2017-12-28T19:38:45","slug":"dans-un-message-au-chef-de-la-force-al-qods-irgc-qassem-soleimani-les-enfants-palestiniens-lui-disent-combien-ils-laiment-et-sont-fiers-de-lui","status":"publish","type":"post","link":"https:\/\/www.lejournalduforkane.com\/index.php\/dans-un-message-au-chef-de-la-force-al-qods-irgc-qassem-soleimani-les-enfants-palestiniens-lui-disent-combien-ils-laiment-et-sont-fiers-de-lui\/","title":{"rendered":"Dans un message au chef de la force Al Qods (IRGC) Qassem Soleimani, les enfants palestiniens lui disent combien ils l&rsquo;aiment et sont fiers de lui"},"content":{"rendered":"<p><!--more--><\/p>\n<p style=\"text-align: justify;\">Dans un message au chef de la force Al Qods (IRGC) Qassem Soleimani, les enfants palestiniens lui disent combien ils l&rsquo;aiment et sont fiers de lui.<\/p>\n<p style=\"text-align: justify;\">Depuis septembre 2014, l\u2019Iran est venu en aide aux syriens et aux irakiens. Qassam Soleimani a pris en main la strat\u00e9gie militaire et su galvaniser les troupes. C\u2019est en parti gr\u00e2ce \u00e0 lui que la Syrie et l\u2019Irak ont \u00e9t\u00e9 lib\u00e9r\u00e9es de Daesh.<\/p>\n<p><iframe loading=\"lazy\" src=\"https:\/\/www.youtube.com\/embed\/iRNtsaaWsgU\" width=\"560\" height=\"315\" frameborder=\"0\" allowfullscreen=\"allowfullscreen\"><\/iframe><\/p>\n","protected":false},"excerpt":{"rendered":"Dans un message au chef de la force Al Qods (IRGC) Qassem Soleimani, les enfants palestiniens lui disent combien ils l'aiment et sont fiers de lui. Depuis septembre 2014, l\u2019Iran","protected":false},"author":2,"featured_media":0,"comment_status":"closed","ping_status":"open","sticky":false,"template":"","format":"standard","meta":[],"categories":[49],"tags":[],"_links":{"self":[{"href":"https:\/\/www.lejournalduforkane.com\/index.php\/wp-json\/wp\/v2\/posts\/18879"}],"collection":[{"href":"https:\/\/www.lejournalduforkane.com\/index.php\/wp-json\/wp\/v2\/posts"}],"about":[{"href":"https:\/\/www.lejournalduforkane.com\/index.php\/wp-json\/wp\/v2\/types\/post"}],"author":[{"embeddable":true,"href":"https:\/\/www.lejournalduforkane.com\/index.php\/wp-json\/wp\/v2\/users\/2"}],"replies":[{"embeddable":true,"href":"https:\/\/www.lejournalduforkane.com\/index.php\/wp-json\/wp\/v2\/comments?post=18879"}],"version-history":[{"count":1,"href":"https:\/\/www.lejournalduforkane.com\/index.php\/wp-json\/wp\/v2\/posts\/18879\/revisions"}],"predecessor-version":[{"id":18881,"href":"https:\/\/www.lejournalduforkane.com\/index.php\/wp-json\/wp\/v2\/posts\/18879\/revisions\/18881"}],"wp:attachment":[{"href":"https:\/\/www.lejournalduforkane.com\/index.php\/wp-json\/wp\/v2\/media?parent=18879"}],"wp:term":[{"taxonomy":"category","embeddable":true,"href":"https:\/\/www.lejournalduforkane.com\/index.php\/wp-json\/wp\/v2\/categories?post=18879"},{"taxonomy":"post_tag","embeddable":true,"href":"https:\/\/www.lejournalduforkane.com\/index.php\/wp-json\/wp\/v2\/tags?post=18879"}],"curies":[{"name":"wp","href":"https:\/\/api.w.org\/{rel}","templated":true}]}}