
{"id":18897,"date":"2017-12-29T20:40:15","date_gmt":"2017-12-29T20:40:15","guid":{"rendered":"https:\/\/www.lejournalduforkane.com\/?p=18897"},"modified":"2017-12-29T20:40:15","modified_gmt":"2017-12-29T20:40:15","slug":"le-president-al-assad-et-sa-famille-visitent-la-maison-dun-blesse-de-guerre-dans-le-village-dumm-haratayn","status":"publish","type":"post","link":"https:\/\/www.lejournalduforkane.com\/index.php\/le-president-al-assad-et-sa-famille-visitent-la-maison-dun-blesse-de-guerre-dans-le-village-dumm-haratayn\/","title":{"rendered":"Le Pr\u00e9sident Al Assad et sa famille visitent la maison d&rsquo;un bless\u00e9 de guerre dans le village d&rsquo;Umm Haratayn"},"content":{"rendered":"<p><!--more--><\/p>\n<p>Le Pr\u00e9sident Al Assad et sa famille visitent la maison d&rsquo;un bless\u00e9 de guerre dans le village d&rsquo;Umm Haratayn (Gouvernorat de Homs)<\/p>\n<p>Transmettez un message au Pr\u00e9sident et ce combattant<\/p>\n<p><img loading=\"lazy\" class=\"alignnone size-medium wp-image-18898\" src=\"https:\/\/www.lejournalduforkane.com\/wp-content\/uploads\/2017\/12\/Le-Pr\u00e9sident-Al-Assad-et-sa-famille-visitent-la-maison-dun-bless\u00e9-de-guerre-dans-le-village-dUmm-Haratayn7-248x300.jpg\" alt=\"Le Pr\u00e9sident Al Assad et sa famille visitent la maison d'un bless\u00e9 de guerre dans le village d'Umm Haratayn7\" width=\"248\" height=\"300\" srcset=\"https:\/\/www.lejournalduforkane.com\/wp-content\/uploads\/2017\/12\/Le-Pr\u00e9sident-Al-Assad-et-sa-famille-visitent-la-maison-dun-bless\u00e9-de-guerre-dans-le-village-dUmm-Haratayn7-248x300.jpg 248w, https:\/\/www.lejournalduforkane.com\/wp-content\/uploads\/2017\/12\/Le-Pr\u00e9sident-Al-Assad-et-sa-famille-visitent-la-maison-dun-bless\u00e9-de-guerre-dans-le-village-dUmm-Haratayn7-768x931.jpg 768w, https:\/\/www.lejournalduforkane.com\/wp-content\/uploads\/2017\/12\/Le-Pr\u00e9sident-Al-Assad-et-sa-famille-visitent-la-maison-dun-bless\u00e9-de-guerre-dans-le-village-dUmm-Haratayn7.jpg 792w\" sizes=\"(max-width: 248px) 100vw, 248px\" \/> <img loading=\"lazy\" class=\"alignnone size-medium wp-image-18899\" src=\"https:\/\/www.lejournalduforkane.com\/wp-content\/uploads\/2017\/12\/Le-Pr\u00e9sident-Al-Assad-et-sa-famille-visitent-la-maison-dun-bless\u00e9-de-guerre-dans-le-village-dUmm-Haratayn6-300x199.jpg\" alt=\"Le Pr\u00e9sident Al Assad et sa famille visitent la maison d'un bless\u00e9 de guerre dans le village d'Umm Haratayn6\" width=\"300\" height=\"199\" srcset=\"https:\/\/www.lejournalduforkane.com\/wp-content\/uploads\/2017\/12\/Le-Pr\u00e9sident-Al-Assad-et-sa-famille-visitent-la-maison-dun-bless\u00e9-de-guerre-dans-le-village-dUmm-Haratayn6-300x199.jpg 300w, https:\/\/www.lejournalduforkane.com\/wp-content\/uploads\/2017\/12\/Le-Pr\u00e9sident-Al-Assad-et-sa-famille-visitent-la-maison-dun-bless\u00e9-de-guerre-dans-le-village-dUmm-Haratayn6-768x510.jpg 768w, https:\/\/www.lejournalduforkane.com\/wp-content\/uploads\/2017\/12\/Le-Pr\u00e9sident-Al-Assad-et-sa-famille-visitent-la-maison-dun-bless\u00e9-de-guerre-dans-le-village-dUmm-Haratayn6.jpg 960w\" sizes=\"(max-width: 300px) 100vw, 300px\" \/> <img loading=\"lazy\" class=\"alignnone size-medium wp-image-18900\" src=\"https:\/\/www.lejournalduforkane.com\/wp-content\/uploads\/2017\/12\/Le-Pr\u00e9sident-Al-Assad-et-sa-famille-visitent-la-maison-dun-bless\u00e9-de-guerre-dans-le-village-dUmm-Haratayn5-300x199.jpg\" alt=\"Le Pr\u00e9sident Al Assad et sa famille visitent la maison d'un bless\u00e9 de guerre dans le village d'Umm Haratayn5\" width=\"300\" height=\"199\" srcset=\"https:\/\/www.lejournalduforkane.com\/wp-content\/uploads\/2017\/12\/Le-Pr\u00e9sident-Al-Assad-et-sa-famille-visitent-la-maison-dun-bless\u00e9-de-guerre-dans-le-village-dUmm-Haratayn5-300x199.jpg 300w, https:\/\/www.lejournalduforkane.com\/wp-content\/uploads\/2017\/12\/Le-Pr\u00e9sident-Al-Assad-et-sa-famille-visitent-la-maison-dun-bless\u00e9-de-guerre-dans-le-village-dUmm-Haratayn5-768x510.jpg 768w, https:\/\/www.lejournalduforkane.com\/wp-content\/uploads\/2017\/12\/Le-Pr\u00e9sident-Al-Assad-et-sa-famille-visitent-la-maison-dun-bless\u00e9-de-guerre-dans-le-village-dUmm-Haratayn5.jpg 960w\" sizes=\"(max-width: 300px) 100vw, 300px\" \/> <img loading=\"lazy\" class=\"alignnone size-medium wp-image-18901\" src=\"https:\/\/www.lejournalduforkane.com\/wp-content\/uploads\/2017\/12\/Le-Pr\u00e9sident-Al-Assad-et-sa-famille-visitent-la-maison-dun-bless\u00e9-de-guerre-dans-le-village-dUmm-Haratayn4-200x300.jpg\" alt=\"Le Pr\u00e9sident Al Assad et sa famille visitent la maison d'un bless\u00e9 de guerre dans le village d'Umm Haratayn4\" width=\"200\" height=\"300\" srcset=\"https:\/\/www.lejournalduforkane.com\/wp-content\/uploads\/2017\/12\/Le-Pr\u00e9sident-Al-Assad-et-sa-famille-visitent-la-maison-dun-bless\u00e9-de-guerre-dans-le-village-dUmm-Haratayn4-200x300.jpg 200w, https:\/\/www.lejournalduforkane.com\/wp-content\/uploads\/2017\/12\/Le-Pr\u00e9sident-Al-Assad-et-sa-famille-visitent-la-maison-dun-bless\u00e9-de-guerre-dans-le-village-dUmm-Haratayn4.jpg 639w\" sizes=\"(max-width: 200px) 100vw, 200px\" \/> <img loading=\"lazy\" class=\"alignnone size-medium wp-image-18902\" src=\"https:\/\/www.lejournalduforkane.com\/wp-content\/uploads\/2017\/12\/Le-Pr\u00e9sident-Al-Assad-et-sa-famille-visitent-la-maison-dun-bless\u00e9-de-guerre-dans-le-village-dUmm-Haratayn3-300x229.jpg\" alt=\"Le Pr\u00e9sident Al Assad et sa famille visitent la maison d'un bless\u00e9 de guerre dans le village d'Umm Haratayn3\" width=\"300\" height=\"229\" srcset=\"https:\/\/www.lejournalduforkane.com\/wp-content\/uploads\/2017\/12\/Le-Pr\u00e9sident-Al-Assad-et-sa-famille-visitent-la-maison-dun-bless\u00e9-de-guerre-dans-le-village-dUmm-Haratayn3-300x229.jpg 300w, https:\/\/www.lejournalduforkane.com\/wp-content\/uploads\/2017\/12\/Le-Pr\u00e9sident-Al-Assad-et-sa-famille-visitent-la-maison-dun-bless\u00e9-de-guerre-dans-le-village-dUmm-Haratayn3-768x587.jpg 768w, https:\/\/www.lejournalduforkane.com\/wp-content\/uploads\/2017\/12\/Le-Pr\u00e9sident-Al-Assad-et-sa-famille-visitent-la-maison-dun-bless\u00e9-de-guerre-dans-le-village-dUmm-Haratayn3.jpg 960w\" sizes=\"(max-width: 300px) 100vw, 300px\" \/> <img loading=\"lazy\" class=\"alignnone size-medium wp-image-18903\" src=\"https:\/\/www.lejournalduforkane.com\/wp-content\/uploads\/2017\/12\/Le-Pr\u00e9sident-Al-Assad-et-sa-famille-visitent-la-maison-dun-bless\u00e9-de-guerre-dans-le-village-dUmm-Haratayn2-300x199.jpg\" alt=\"Le Pr\u00e9sident Al Assad et sa famille visitent la maison d'un bless\u00e9 de guerre dans le village d'Umm Haratayn2\" width=\"300\" height=\"199\" srcset=\"https:\/\/www.lejournalduforkane.com\/wp-content\/uploads\/2017\/12\/Le-Pr\u00e9sident-Al-Assad-et-sa-famille-visitent-la-maison-dun-bless\u00e9-de-guerre-dans-le-village-dUmm-Haratayn2-300x199.jpg 300w, https:\/\/www.lejournalduforkane.com\/wp-content\/uploads\/2017\/12\/Le-Pr\u00e9sident-Al-Assad-et-sa-famille-visitent-la-maison-dun-bless\u00e9-de-guerre-dans-le-village-dUmm-Haratayn2-768x510.jpg 768w, https:\/\/www.lejournalduforkane.com\/wp-content\/uploads\/2017\/12\/Le-Pr\u00e9sident-Al-Assad-et-sa-famille-visitent-la-maison-dun-bless\u00e9-de-guerre-dans-le-village-dUmm-Haratayn2.jpg 960w\" sizes=\"(max-width: 300px) 100vw, 300px\" \/> <img loading=\"lazy\" class=\"alignnone size-medium wp-image-18904\" src=\"https:\/\/www.lejournalduforkane.com\/wp-content\/uploads\/2017\/12\/Le-Pr\u00e9sident-Al-Assad-et-sa-famille-visitent-la-maison-dun-bless\u00e9-de-guerre-dans-le-village-dUmm-Haratayn1-300x199.jpg\" alt=\"Le Pr\u00e9sident Al Assad et sa famille visitent la maison d'un bless\u00e9 de guerre dans le village d'Umm Haratayn1\" width=\"300\" height=\"199\" srcset=\"https:\/\/www.lejournalduforkane.com\/wp-content\/uploads\/2017\/12\/Le-Pr\u00e9sident-Al-Assad-et-sa-famille-visitent-la-maison-dun-bless\u00e9-de-guerre-dans-le-village-dUmm-Haratayn1-300x199.jpg 300w, https:\/\/www.lejournalduforkane.com\/wp-content\/uploads\/2017\/12\/Le-Pr\u00e9sident-Al-Assad-et-sa-famille-visitent-la-maison-dun-bless\u00e9-de-guerre-dans-le-village-dUmm-Haratayn1-768x510.jpg 768w, https:\/\/www.lejournalduforkane.com\/wp-content\/uploads\/2017\/12\/Le-Pr\u00e9sident-Al-Assad-et-sa-famille-visitent-la-maison-dun-bless\u00e9-de-guerre-dans-le-village-dUmm-Haratayn1.jpg 960w\" sizes=\"(max-width: 300px) 100vw, 300px\" \/><\/p>\n","protected":false},"excerpt":{"rendered":"Le Pr\u00e9sident Al Assad et sa famille visitent la maison d'un bless\u00e9 de guerre dans le village d'Umm Haratayn (Gouvernorat de Homs) Transmettez un message au Pr\u00e9sident et ce combattant","protected":false},"author":2,"featured_media":0,"comment_status":"closed","ping_status":"open","sticky":false,"template":"","format":"standard","meta":[],"categories":[],"tags":[],"_links":{"self":[{"href":"https:\/\/www.lejournalduforkane.com\/index.php\/wp-json\/wp\/v2\/posts\/18897"}],"collection":[{"href":"https:\/\/www.lejournalduforkane.com\/index.php\/wp-json\/wp\/v2\/posts"}],"about":[{"href":"https:\/\/www.lejournalduforkane.com\/index.php\/wp-json\/wp\/v2\/types\/post"}],"author":[{"embeddable":true,"href":"https:\/\/www.lejournalduforkane.com\/index.php\/wp-json\/wp\/v2\/users\/2"}],"replies":[{"embeddable":true,"href":"https:\/\/www.lejournalduforkane.com\/index.php\/wp-json\/wp\/v2\/comments?post=18897"}],"version-history":[{"count":1,"href":"https:\/\/www.lejournalduforkane.com\/index.php\/wp-json\/wp\/v2\/posts\/18897\/revisions"}],"predecessor-version":[{"id":18905,"href":"https:\/\/www.lejournalduforkane.com\/index.php\/wp-json\/wp\/v2\/posts\/18897\/revisions\/18905"}],"wp:attachment":[{"href":"https:\/\/www.lejournalduforkane.com\/index.php\/wp-json\/wp\/v2\/media?parent=18897"}],"wp:term":[{"taxonomy":"category","embeddable":true,"href":"https:\/\/www.lejournalduforkane.com\/index.php\/wp-json\/wp\/v2\/categories?post=18897"},{"taxonomy":"post_tag","embeddable":true,"href":"https:\/\/www.lejournalduforkane.com\/index.php\/wp-json\/wp\/v2\/tags?post=18897"}],"curies":[{"name":"wp","href":"https:\/\/api.w.org\/{rel}","templated":true}]}}