
{"id":18952,"date":"2018-01-01T19:03:36","date_gmt":"2018-01-01T19:03:36","guid":{"rendered":"https:\/\/www.lejournalduforkane.com\/?p=18952"},"modified":"2018-01-01T19:09:06","modified_gmt":"2018-01-01T19:09:06","slug":"regardez-comment-france-2-traite-le-cas-ahed-tamimi","status":"publish","type":"post","link":"https:\/\/www.lejournalduforkane.com\/index.php\/regardez-comment-france-2-traite-le-cas-ahed-tamimi\/","title":{"rendered":"Regardez comment France 2 traite le cas Ahed Tamimi !"},"content":{"rendered":"<p><!--more--><\/p>\n<p style=\"text-align: justify;\">France 2 a r\u00e9ussi \u00e0 faire passer Ahed Tamimi pour une dangereuse terroriste !<\/p>\n<p style=\"text-align: justify;\">Rappelons que la jeune palestinienne n&rsquo;a que 16 ans, h\u00e9ro\u00efne et ic\u00f4ne de la lutte contre l\u2019occupation.<\/p>\n<div class=\"text_exposed_show\">\n<p style=\"text-align: justify;\">Comme disait Malcom X : \u00ab\u00a0Si vous n&rsquo;\u00eates pas vigilants, les m\u00e9dias arriveront \u00e0 vous faire d\u00e9tester les gens opprim\u00e9s et aimer ceux qui les oppriment.\u00a0\u00bb<\/p>\n<\/div>\n<p><iframe loading=\"lazy\" src=\"\/\/rutube.ru\/play\/embed\/10838796\" width=\"620\" height=\"305\" frameborder=\"0\" allowfullscreen=\"allowfullscreen\"><\/iframe><\/p>\n","protected":false},"excerpt":{"rendered":"France 2 a r\u00e9ussi \u00e0 faire passer Ahed Tamimi pour une dangereuse terroriste ! Rappelons que la jeune palestinienne n'a que 16 ans, h\u00e9ro\u00efne et ic\u00f4ne de la lutte contre","protected":false},"author":2,"featured_media":0,"comment_status":"closed","ping_status":"open","sticky":false,"template":"","format":"standard","meta":[],"categories":[49],"tags":[],"_links":{"self":[{"href":"https:\/\/www.lejournalduforkane.com\/index.php\/wp-json\/wp\/v2\/posts\/18952"}],"collection":[{"href":"https:\/\/www.lejournalduforkane.com\/index.php\/wp-json\/wp\/v2\/posts"}],"about":[{"href":"https:\/\/www.lejournalduforkane.com\/index.php\/wp-json\/wp\/v2\/types\/post"}],"author":[{"embeddable":true,"href":"https:\/\/www.lejournalduforkane.com\/index.php\/wp-json\/wp\/v2\/users\/2"}],"replies":[{"embeddable":true,"href":"https:\/\/www.lejournalduforkane.com\/index.php\/wp-json\/wp\/v2\/comments?post=18952"}],"version-history":[{"count":3,"href":"https:\/\/www.lejournalduforkane.com\/index.php\/wp-json\/wp\/v2\/posts\/18952\/revisions"}],"predecessor-version":[{"id":18956,"href":"https:\/\/www.lejournalduforkane.com\/index.php\/wp-json\/wp\/v2\/posts\/18952\/revisions\/18956"}],"wp:attachment":[{"href":"https:\/\/www.lejournalduforkane.com\/index.php\/wp-json\/wp\/v2\/media?parent=18952"}],"wp:term":[{"taxonomy":"category","embeddable":true,"href":"https:\/\/www.lejournalduforkane.com\/index.php\/wp-json\/wp\/v2\/categories?post=18952"},{"taxonomy":"post_tag","embeddable":true,"href":"https:\/\/www.lejournalduforkane.com\/index.php\/wp-json\/wp\/v2\/tags?post=18952"}],"curies":[{"name":"wp","href":"https:\/\/api.w.org\/{rel}","templated":true}]}}