
{"id":18977,"date":"2018-01-03T19:48:07","date_gmt":"2018-01-03T19:48:07","guid":{"rendered":"https:\/\/www.lejournalduforkane.com\/?p=18977"},"modified":"2018-01-03T19:54:04","modified_gmt":"2018-01-03T19:54:04","slug":"videoles-habitants-de-la-province-iranienne-dahwaz-sortent-dans-la-rue-et-envoient-un-message-a-netanyahou-scandant-des-slogans-contre-lamerique-et-leurs-agents-infiltres-en-iran","status":"publish","type":"post","link":"https:\/\/www.lejournalduforkane.com\/index.php\/videoles-habitants-de-la-province-iranienne-dahwaz-sortent-dans-la-rue-et-envoient-un-message-a-netanyahou-scandant-des-slogans-contre-lamerique-et-leurs-agents-infiltres-en-iran\/","title":{"rendered":"[VIDEO]Les habitants de la province iranienne d&rsquo;Ahwaz sortent dans la rue, et envoient un message \u00e0 Netanyahou scandant des slogans contre, l&rsquo;Am\u00e9rique et leurs agents infiltr\u00e9s en Iran"},"content":{"rendered":"<p><!--more--><br \/>\n<iframe loading=\"lazy\" src=\"https:\/\/www.youtube.com\/embed\/4QsbLNpRNwo\" width=\"560\" height=\"315\" frameborder=\"0\" allowfullscreen=\"allowfullscreen\"><\/iframe><\/p>\n","protected":false},"excerpt":{"rendered":"","protected":false},"author":2,"featured_media":0,"comment_status":"closed","ping_status":"open","sticky":false,"template":"","format":"standard","meta":[],"categories":[49],"tags":[],"_links":{"self":[{"href":"https:\/\/www.lejournalduforkane.com\/index.php\/wp-json\/wp\/v2\/posts\/18977"}],"collection":[{"href":"https:\/\/www.lejournalduforkane.com\/index.php\/wp-json\/wp\/v2\/posts"}],"about":[{"href":"https:\/\/www.lejournalduforkane.com\/index.php\/wp-json\/wp\/v2\/types\/post"}],"author":[{"embeddable":true,"href":"https:\/\/www.lejournalduforkane.com\/index.php\/wp-json\/wp\/v2\/users\/2"}],"replies":[{"embeddable":true,"href":"https:\/\/www.lejournalduforkane.com\/index.php\/wp-json\/wp\/v2\/comments?post=18977"}],"version-history":[{"count":1,"href":"https:\/\/www.lejournalduforkane.com\/index.php\/wp-json\/wp\/v2\/posts\/18977\/revisions"}],"predecessor-version":[{"id":18978,"href":"https:\/\/www.lejournalduforkane.com\/index.php\/wp-json\/wp\/v2\/posts\/18977\/revisions\/18978"}],"wp:attachment":[{"href":"https:\/\/www.lejournalduforkane.com\/index.php\/wp-json\/wp\/v2\/media?parent=18977"}],"wp:term":[{"taxonomy":"category","embeddable":true,"href":"https:\/\/www.lejournalduforkane.com\/index.php\/wp-json\/wp\/v2\/categories?post=18977"},{"taxonomy":"post_tag","embeddable":true,"href":"https:\/\/www.lejournalduforkane.com\/index.php\/wp-json\/wp\/v2\/tags?post=18977"}],"curies":[{"name":"wp","href":"https:\/\/api.w.org\/{rel}","templated":true}]}}