
{"id":19008,"date":"2018-01-04T19:48:22","date_gmt":"2018-01-04T19:48:22","guid":{"rendered":"https:\/\/www.lejournalduforkane.com\/?p=19008"},"modified":"2018-01-04T19:48:22","modified_gmt":"2018-01-04T19:48:22","slug":"pour-la-deputee-veronique-besse-la-france-aide-letat-islamique","status":"publish","type":"post","link":"https:\/\/www.lejournalduforkane.com\/index.php\/pour-la-deputee-veronique-besse-la-france-aide-letat-islamique\/","title":{"rendered":"Pour la d\u00e9put\u00e9e V\u00e9ronique Besse, \u00ab\u00a0la France aide l\u2019Etat islamique\u00a0\u00bb"},"content":{"rendered":"<p><!--more--><\/p>\n<p>V\u00e9ronique Besse (d\u00e9put\u00e9e de Vend\u00e9e), accompagn\u00e9e de 2 autres \u00e9lus, s&rsquo;est rendue en Syrie en d\u00e9but de semaine pour rencontrer Bachar al-Assad.<\/p>\n<div style=\"display: block; position: relative;\">\n<div style=\"padding-top: 56.25%;\"><iframe loading=\"lazy\" style=\"width: 100%; height: 100%; position: absolute; top: 0px; bottom: 0px; right: 0px; left: 0px; border: none;\" src=\"\/\/www.bfmtv.com\/static\/nxt-video\/player.html?video=4585655332001&amp;brand=RMC&amp;url=http:\/\/rmc.bfmtv.com\/mediaplayer\/video\/pour-la-deputee-veronique-besse-la-france-aide-l-etat-islamique-675142.html\" width=\"300\" height=\"150\" allowfullscreen=\"allowfullscreen\"><\/iframe><\/div>\n<\/div>\n","protected":false},"excerpt":{"rendered":"V\u00e9ronique Besse (d\u00e9put\u00e9e de Vend\u00e9e), accompagn\u00e9e de 2 autres \u00e9lus, s'est rendue en Syrie en d\u00e9but de semaine pour rencontrer Bachar al-Assad.","protected":false},"author":2,"featured_media":0,"comment_status":"closed","ping_status":"open","sticky":false,"template":"","format":"standard","meta":[],"categories":[49],"tags":[],"_links":{"self":[{"href":"https:\/\/www.lejournalduforkane.com\/index.php\/wp-json\/wp\/v2\/posts\/19008"}],"collection":[{"href":"https:\/\/www.lejournalduforkane.com\/index.php\/wp-json\/wp\/v2\/posts"}],"about":[{"href":"https:\/\/www.lejournalduforkane.com\/index.php\/wp-json\/wp\/v2\/types\/post"}],"author":[{"embeddable":true,"href":"https:\/\/www.lejournalduforkane.com\/index.php\/wp-json\/wp\/v2\/users\/2"}],"replies":[{"embeddable":true,"href":"https:\/\/www.lejournalduforkane.com\/index.php\/wp-json\/wp\/v2\/comments?post=19008"}],"version-history":[{"count":2,"href":"https:\/\/www.lejournalduforkane.com\/index.php\/wp-json\/wp\/v2\/posts\/19008\/revisions"}],"predecessor-version":[{"id":19010,"href":"https:\/\/www.lejournalduforkane.com\/index.php\/wp-json\/wp\/v2\/posts\/19008\/revisions\/19010"}],"wp:attachment":[{"href":"https:\/\/www.lejournalduforkane.com\/index.php\/wp-json\/wp\/v2\/media?parent=19008"}],"wp:term":[{"taxonomy":"category","embeddable":true,"href":"https:\/\/www.lejournalduforkane.com\/index.php\/wp-json\/wp\/v2\/categories?post=19008"},{"taxonomy":"post_tag","embeddable":true,"href":"https:\/\/www.lejournalduforkane.com\/index.php\/wp-json\/wp\/v2\/tags?post=19008"}],"curies":[{"name":"wp","href":"https:\/\/api.w.org\/{rel}","templated":true}]}}