
{"id":19045,"date":"2018-01-07T19:48:28","date_gmt":"2018-01-07T19:48:28","guid":{"rendered":"https:\/\/www.lejournalduforkane.com\/?p=19045"},"modified":"2018-01-07T19:48:28","modified_gmt":"2018-01-07T19:48:28","slug":"quand-le-monde-arretera-t-il-dignorer-le-yemen","status":"publish","type":"post","link":"https:\/\/www.lejournalduforkane.com\/index.php\/quand-le-monde-arretera-t-il-dignorer-le-yemen\/","title":{"rendered":"Quand le monde arr\u00eatera-T-IL D&rsquo;IGNORER LE Y\u00c9MEN ?"},"content":{"rendered":"<p><!--more--><\/p>\n<p>Quand le monde arr\u00eatera-T-IL D&rsquo;IGNORER LE Y\u00c9MEN ? Surtout les m\u00e9dias occidentaux, les militants des droits de l&rsquo;Homme occidentaux, les citoyens occidentaux ?<\/p>\n<p><iframe loading=\"lazy\" src=\"\/\/ rutube.ru\/play\/embed\/10851616\" width=\"620\" height=\"305\" frameborder=\"0\" allowfullscreen=\"allowfullscreen\"> <\/iframe><\/p>\n","protected":false},"excerpt":{"rendered":"Quand le monde arr\u00eatera-T-IL D'IGNORER LE Y\u00c9MEN ? Surtout les m\u00e9dias occidentaux, les militants des droits de l'Homme occidentaux, les citoyens occidentaux ?","protected":false},"author":2,"featured_media":0,"comment_status":"closed","ping_status":"open","sticky":false,"template":"","format":"standard","meta":[],"categories":[49],"tags":[],"_links":{"self":[{"href":"https:\/\/www.lejournalduforkane.com\/index.php\/wp-json\/wp\/v2\/posts\/19045"}],"collection":[{"href":"https:\/\/www.lejournalduforkane.com\/index.php\/wp-json\/wp\/v2\/posts"}],"about":[{"href":"https:\/\/www.lejournalduforkane.com\/index.php\/wp-json\/wp\/v2\/types\/post"}],"author":[{"embeddable":true,"href":"https:\/\/www.lejournalduforkane.com\/index.php\/wp-json\/wp\/v2\/users\/2"}],"replies":[{"embeddable":true,"href":"https:\/\/www.lejournalduforkane.com\/index.php\/wp-json\/wp\/v2\/comments?post=19045"}],"version-history":[{"count":1,"href":"https:\/\/www.lejournalduforkane.com\/index.php\/wp-json\/wp\/v2\/posts\/19045\/revisions"}],"predecessor-version":[{"id":19047,"href":"https:\/\/www.lejournalduforkane.com\/index.php\/wp-json\/wp\/v2\/posts\/19045\/revisions\/19047"}],"wp:attachment":[{"href":"https:\/\/www.lejournalduforkane.com\/index.php\/wp-json\/wp\/v2\/media?parent=19045"}],"wp:term":[{"taxonomy":"category","embeddable":true,"href":"https:\/\/www.lejournalduforkane.com\/index.php\/wp-json\/wp\/v2\/categories?post=19045"},{"taxonomy":"post_tag","embeddable":true,"href":"https:\/\/www.lejournalduforkane.com\/index.php\/wp-json\/wp\/v2\/tags?post=19045"}],"curies":[{"name":"wp","href":"https:\/\/api.w.org\/{rel}","templated":true}]}}