
{"id":19068,"date":"2018-01-10T19:39:56","date_gmt":"2018-01-10T19:39:56","guid":{"rendered":"https:\/\/www.lejournalduforkane.com\/?p=19068"},"modified":"2018-01-10T19:39:56","modified_gmt":"2018-01-10T19:39:56","slug":"regardez-la-chute-du-chasseur-tornado-saoudien-pres-de-saada-apres-avoir-ete-frappe-par-la-defense-aerienne-du-yemenite","status":"publish","type":"post","link":"https:\/\/www.lejournalduforkane.com\/index.php\/regardez-la-chute-du-chasseur-tornado-saoudien-pres-de-saada-apres-avoir-ete-frappe-par-la-defense-aerienne-du-yemenite\/","title":{"rendered":"Regardez la chute du chasseur Tornado saoudien pr\u00e8s de Sa&rsquo;ada apr\u00e8s avoir \u00e9t\u00e9 frapp\u00e9 par la d\u00e9fense a\u00e9rienne du Y\u00e9m\u00e9nite"},"content":{"rendered":"<p><!--more--><br \/>\n<iframe loading=\"lazy\" width=\"620\" height=\"305\" src=\"\/\/rutube.ru\/play\/embed\/10859593\" frameborder=\"0\" webkitAllowFullScreen mozallowfullscreen allowfullscreen><\/iframe><\/p>\n<p>&nbsp;<\/p>\n","protected":false},"excerpt":{"rendered":"&nbsp;","protected":false},"author":2,"featured_media":0,"comment_status":"closed","ping_status":"open","sticky":false,"template":"","format":"standard","meta":[],"categories":[49],"tags":[],"_links":{"self":[{"href":"https:\/\/www.lejournalduforkane.com\/index.php\/wp-json\/wp\/v2\/posts\/19068"}],"collection":[{"href":"https:\/\/www.lejournalduforkane.com\/index.php\/wp-json\/wp\/v2\/posts"}],"about":[{"href":"https:\/\/www.lejournalduforkane.com\/index.php\/wp-json\/wp\/v2\/types\/post"}],"author":[{"embeddable":true,"href":"https:\/\/www.lejournalduforkane.com\/index.php\/wp-json\/wp\/v2\/users\/2"}],"replies":[{"embeddable":true,"href":"https:\/\/www.lejournalduforkane.com\/index.php\/wp-json\/wp\/v2\/comments?post=19068"}],"version-history":[{"count":1,"href":"https:\/\/www.lejournalduforkane.com\/index.php\/wp-json\/wp\/v2\/posts\/19068\/revisions"}],"predecessor-version":[{"id":19070,"href":"https:\/\/www.lejournalduforkane.com\/index.php\/wp-json\/wp\/v2\/posts\/19068\/revisions\/19070"}],"wp:attachment":[{"href":"https:\/\/www.lejournalduforkane.com\/index.php\/wp-json\/wp\/v2\/media?parent=19068"}],"wp:term":[{"taxonomy":"category","embeddable":true,"href":"https:\/\/www.lejournalduforkane.com\/index.php\/wp-json\/wp\/v2\/categories?post=19068"},{"taxonomy":"post_tag","embeddable":true,"href":"https:\/\/www.lejournalduforkane.com\/index.php\/wp-json\/wp\/v2\/tags?post=19068"}],"curies":[{"name":"wp","href":"https:\/\/api.w.org\/{rel}","templated":true}]}}