
{"id":19098,"date":"2018-01-11T19:39:41","date_gmt":"2018-01-11T19:39:41","guid":{"rendered":"https:\/\/www.lejournalduforkane.com\/?p=19098"},"modified":"2018-01-14T16:22:23","modified_gmt":"2018-01-14T16:22:23","slug":"moment-ou-une-palestinienne-amal-jamil-agee-de-17-ans-sort-des-prisons-israeliennes","status":"publish","type":"post","link":"https:\/\/www.lejournalduforkane.com\/index.php\/moment-ou-une-palestinienne-amal-jamil-agee-de-17-ans-sort-des-prisons-israeliennes\/","title":{"rendered":"Le moment o\u00f9 une palestinienne Amal Jamil (\u00e2g\u00e9e de 17 ans) sort des prisons isra\u00e9liennes"},"content":{"rendered":"<p><!--more--><\/p>\n<p>Vid\u00e9o \u00e9mouvante<\/p>\n<p>Le moment o\u00f9 une palestinienne Amal Jamil (\u00e2g\u00e9e de 17 ans) sort des prisons isra\u00e9liennes aujourd&rsquo;hui, apr\u00e8s avoir \u00e9t\u00e9 condamn\u00e9e \u00e0 plus de 1 ans et rencontre ses parents pour la premi\u00e8re fois depuis des mois. Son crime ? Un post Facebook !!!<br \/>\n<iframe loading=\"lazy\" src=\"\/\/rutube.ru\/play\/embed\/10861876\" width=\"620\" height=\"305\" frameborder=\"0\" allowfullscreen=\"allowfullscreen\"><\/iframe><\/p>\n","protected":false},"excerpt":{"rendered":"Vid\u00e9o \u00e9mouvante Le moment o\u00f9 une palestinienne Amal Jamil (\u00e2g\u00e9e de 17 ans) sort des prisons isra\u00e9liennes aujourd'hui, apr\u00e8s avoir \u00e9t\u00e9 condamn\u00e9e \u00e0 plus de 1 ans et rencontre ses","protected":false},"author":2,"featured_media":0,"comment_status":"closed","ping_status":"open","sticky":false,"template":"","format":"standard","meta":[],"categories":[49],"tags":[],"_links":{"self":[{"href":"https:\/\/www.lejournalduforkane.com\/index.php\/wp-json\/wp\/v2\/posts\/19098"}],"collection":[{"href":"https:\/\/www.lejournalduforkane.com\/index.php\/wp-json\/wp\/v2\/posts"}],"about":[{"href":"https:\/\/www.lejournalduforkane.com\/index.php\/wp-json\/wp\/v2\/types\/post"}],"author":[{"embeddable":true,"href":"https:\/\/www.lejournalduforkane.com\/index.php\/wp-json\/wp\/v2\/users\/2"}],"replies":[{"embeddable":true,"href":"https:\/\/www.lejournalduforkane.com\/index.php\/wp-json\/wp\/v2\/comments?post=19098"}],"version-history":[{"count":1,"href":"https:\/\/www.lejournalduforkane.com\/index.php\/wp-json\/wp\/v2\/posts\/19098\/revisions"}],"predecessor-version":[{"id":19100,"href":"https:\/\/www.lejournalduforkane.com\/index.php\/wp-json\/wp\/v2\/posts\/19098\/revisions\/19100"}],"wp:attachment":[{"href":"https:\/\/www.lejournalduforkane.com\/index.php\/wp-json\/wp\/v2\/media?parent=19098"}],"wp:term":[{"taxonomy":"category","embeddable":true,"href":"https:\/\/www.lejournalduforkane.com\/index.php\/wp-json\/wp\/v2\/categories?post=19098"},{"taxonomy":"post_tag","embeddable":true,"href":"https:\/\/www.lejournalduforkane.com\/index.php\/wp-json\/wp\/v2\/tags?post=19098"}],"curies":[{"name":"wp","href":"https:\/\/api.w.org\/{rel}","templated":true}]}}