
{"id":19101,"date":"2018-01-12T19:57:47","date_gmt":"2018-01-12T19:57:47","guid":{"rendered":"https:\/\/www.lejournalduforkane.com\/?p=19101"},"modified":"2018-01-14T16:21:30","modified_gmt":"2018-01-14T16:21:30","slug":"l-obsession-des-occupants-israeliens-lourdement-armes-contre-la-famille-tamimi-continue","status":"publish","type":"post","link":"https:\/\/www.lejournalduforkane.com\/index.php\/l-obsession-des-occupants-israeliens-lourdement-armes-contre-la-famille-tamimi-continue\/","title":{"rendered":"L&rsquo;obsession des occupants isra\u00e9liens, lourdement arm\u00e9s contre la famille Tamimi continue"},"content":{"rendered":"<p style=\"text-align: justify;\"><!--more--><\/p>\n<p style=\"text-align: justify;\">L&rsquo;obsession des occupants isra\u00e9liens, lourdement arm\u00e9s contre la famille Tamimi continue. Ils sont rentr\u00e9s chez Manal Tamimi (la tante de Ahed Tamimi) dans le village de Nabi Saleh et ont enlev\u00e9 son fils Mohammed, \u00e2g\u00e9 de 19 ans, apr\u00e8s avoir terroris\u00e9 la famille.<\/p>\n<p><iframe loading=\"lazy\" width=\"620\" height=\"305\" src=\"\/\/rutube.ru\/play\/embed\/10864725\" frameborder=\"0\" webkitAllowFullScreen mozallowfullscreen allowfullscreen><\/iframe><\/p>\n","protected":false},"excerpt":{"rendered":"L'obsession des occupants isra\u00e9liens, lourdement arm\u00e9s contre la famille Tamimi continue. Ils sont rentr\u00e9s chez Manal Tamimi (la tante de Ahed Tamimi) dans le village de Nabi Saleh et ont","protected":false},"author":2,"featured_media":0,"comment_status":"closed","ping_status":"open","sticky":false,"template":"","format":"standard","meta":[],"categories":[49],"tags":[],"_links":{"self":[{"href":"https:\/\/www.lejournalduforkane.com\/index.php\/wp-json\/wp\/v2\/posts\/19101"}],"collection":[{"href":"https:\/\/www.lejournalduforkane.com\/index.php\/wp-json\/wp\/v2\/posts"}],"about":[{"href":"https:\/\/www.lejournalduforkane.com\/index.php\/wp-json\/wp\/v2\/types\/post"}],"author":[{"embeddable":true,"href":"https:\/\/www.lejournalduforkane.com\/index.php\/wp-json\/wp\/v2\/users\/2"}],"replies":[{"embeddable":true,"href":"https:\/\/www.lejournalduforkane.com\/index.php\/wp-json\/wp\/v2\/comments?post=19101"}],"version-history":[{"count":4,"href":"https:\/\/www.lejournalduforkane.com\/index.php\/wp-json\/wp\/v2\/posts\/19101\/revisions"}],"predecessor-version":[{"id":19106,"href":"https:\/\/www.lejournalduforkane.com\/index.php\/wp-json\/wp\/v2\/posts\/19101\/revisions\/19106"}],"wp:attachment":[{"href":"https:\/\/www.lejournalduforkane.com\/index.php\/wp-json\/wp\/v2\/media?parent=19101"}],"wp:term":[{"taxonomy":"category","embeddable":true,"href":"https:\/\/www.lejournalduforkane.com\/index.php\/wp-json\/wp\/v2\/categories?post=19101"},{"taxonomy":"post_tag","embeddable":true,"href":"https:\/\/www.lejournalduforkane.com\/index.php\/wp-json\/wp\/v2\/tags?post=19101"}],"curies":[{"name":"wp","href":"https:\/\/api.w.org\/{rel}","templated":true}]}}