
{"id":19148,"date":"2018-01-15T19:59:08","date_gmt":"2018-01-15T19:59:08","guid":{"rendered":"https:\/\/www.lejournalduforkane.com\/?p=19148"},"modified":"2018-01-16T19:44:53","modified_gmt":"2018-01-16T19:44:53","slug":"ahed-tamimi-agee-de-16-ans-aujourdhui-a-la-cour-militaire-israelienne-dofer-qui-a-prolongee-sa-detention","status":"publish","type":"post","link":"https:\/\/www.lejournalduforkane.com\/index.php\/ahed-tamimi-agee-de-16-ans-aujourdhui-a-la-cour-militaire-israelienne-dofer-qui-a-prolongee-sa-detention\/","title":{"rendered":"Vid\u00e9o de Ahed Tamimi (\u00e2g\u00e9e de 16 ans) aujourd&rsquo;hui \u00e0 la cour militaire isra\u00e9lienne d&rsquo;Ofer qui a prolong\u00e9e sa d\u00e9tention,"},"content":{"rendered":"<p style=\"text-align: justify;\"><!--more--><\/p>\n<p style=\"text-align: justify;\">Vid\u00e9o de Ahed Tamimi (\u00e2g\u00e9e de 16 ans) aujourd&rsquo;hui \u00e0 la cour militaire isra\u00e9lienne d&rsquo;Ofer qui a prolong\u00e9e sa d\u00e9tention, pour la 4\u00e8me fois, pendant 2 jours.<\/p>\n<p style=\"text-align: justify;\">Ahed fait face \u00e0 12 chefs d&rsquo;accusations, y compris le lancer de pierres et l&rsquo;agression de soldats isra\u00e9liens, ce qui pourrait la mettre en prison pendant 10 ans. O\u00f9 sont les \u00ab grands d\u00e9fenseurs des droits des femmes \u00bb?<\/p>\n<p style=\"text-align: justify;\">Silence radio<\/p>\n<p><iframe loading=\"lazy\" width=\"720\" height=\"405\" src=\"\/\/rutube.ru\/play\/embed\/10871092\" frameborder=\"0\" webkitAllowFullScreen mozallowfullscreen allowfullscreen><\/iframe><\/p>\n","protected":false},"excerpt":{"rendered":"Vid\u00e9o de Ahed Tamimi (\u00e2g\u00e9e de 16 ans) aujourd'hui \u00e0 la cour militaire isra\u00e9lienne d'Ofer qui a prolong\u00e9e sa d\u00e9tention, pour la 4\u00e8me fois, pendant 2 jours. Ahed fait face","protected":false},"author":2,"featured_media":19150,"comment_status":"closed","ping_status":"open","sticky":false,"template":"","format":"standard","meta":[],"categories":[49],"tags":[],"_links":{"self":[{"href":"https:\/\/www.lejournalduforkane.com\/index.php\/wp-json\/wp\/v2\/posts\/19148"}],"collection":[{"href":"https:\/\/www.lejournalduforkane.com\/index.php\/wp-json\/wp\/v2\/posts"}],"about":[{"href":"https:\/\/www.lejournalduforkane.com\/index.php\/wp-json\/wp\/v2\/types\/post"}],"author":[{"embeddable":true,"href":"https:\/\/www.lejournalduforkane.com\/index.php\/wp-json\/wp\/v2\/users\/2"}],"replies":[{"embeddable":true,"href":"https:\/\/www.lejournalduforkane.com\/index.php\/wp-json\/wp\/v2\/comments?post=19148"}],"version-history":[{"count":1,"href":"https:\/\/www.lejournalduforkane.com\/index.php\/wp-json\/wp\/v2\/posts\/19148\/revisions"}],"predecessor-version":[{"id":19149,"href":"https:\/\/www.lejournalduforkane.com\/index.php\/wp-json\/wp\/v2\/posts\/19148\/revisions\/19149"}],"wp:featuredmedia":[{"embeddable":true,"href":"https:\/\/www.lejournalduforkane.com\/index.php\/wp-json\/wp\/v2\/media\/19150"}],"wp:attachment":[{"href":"https:\/\/www.lejournalduforkane.com\/index.php\/wp-json\/wp\/v2\/media?parent=19148"}],"wp:term":[{"taxonomy":"category","embeddable":true,"href":"https:\/\/www.lejournalduforkane.com\/index.php\/wp-json\/wp\/v2\/categories?post=19148"},{"taxonomy":"post_tag","embeddable":true,"href":"https:\/\/www.lejournalduforkane.com\/index.php\/wp-json\/wp\/v2\/tags?post=19148"}],"curies":[{"name":"wp","href":"https:\/\/api.w.org\/{rel}","templated":true}]}}