
{"id":19151,"date":"2018-01-16T19:50:27","date_gmt":"2018-01-16T19:50:27","guid":{"rendered":"https:\/\/www.lejournalduforkane.com\/?p=19151"},"modified":"2018-01-16T19:50:27","modified_gmt":"2018-01-16T19:50:27","slug":"famine-au-yemen-a-linterieur-du-seul-hopital-du-pays-traitant-de-la-malnutrition-avertissement-images-choquantes","status":"publish","type":"post","link":"https:\/\/www.lejournalduforkane.com\/index.php\/famine-au-yemen-a-linterieur-du-seul-hopital-du-pays-traitant-de-la-malnutrition-avertissement-images-choquantes\/","title":{"rendered":"Famine au Y\u00e9men : \u00e0 l&rsquo;int\u00e9rieur du seul h\u00f4pital du pays traitant de la malnutrition (avertissement : images choquantes)"},"content":{"rendered":"<p><!--more--><\/p>\n<p><iframe loading=\"lazy\" width=\"620\" height=\"305\" src=\"\/\/rutube.ru\/play\/embed\/10873512\" frameborder=\"0\" webkitAllowFullScreen mozallowfullscreen allowfullscreen><\/iframe><\/p>\n","protected":false},"excerpt":{"rendered":"","protected":false},"author":2,"featured_media":0,"comment_status":"closed","ping_status":"open","sticky":false,"template":"","format":"standard","meta":[],"categories":[49],"tags":[],"_links":{"self":[{"href":"https:\/\/www.lejournalduforkane.com\/index.php\/wp-json\/wp\/v2\/posts\/19151"}],"collection":[{"href":"https:\/\/www.lejournalduforkane.com\/index.php\/wp-json\/wp\/v2\/posts"}],"about":[{"href":"https:\/\/www.lejournalduforkane.com\/index.php\/wp-json\/wp\/v2\/types\/post"}],"author":[{"embeddable":true,"href":"https:\/\/www.lejournalduforkane.com\/index.php\/wp-json\/wp\/v2\/users\/2"}],"replies":[{"embeddable":true,"href":"https:\/\/www.lejournalduforkane.com\/index.php\/wp-json\/wp\/v2\/comments?post=19151"}],"version-history":[{"count":1,"href":"https:\/\/www.lejournalduforkane.com\/index.php\/wp-json\/wp\/v2\/posts\/19151\/revisions"}],"predecessor-version":[{"id":19153,"href":"https:\/\/www.lejournalduforkane.com\/index.php\/wp-json\/wp\/v2\/posts\/19151\/revisions\/19153"}],"wp:attachment":[{"href":"https:\/\/www.lejournalduforkane.com\/index.php\/wp-json\/wp\/v2\/media?parent=19151"}],"wp:term":[{"taxonomy":"category","embeddable":true,"href":"https:\/\/www.lejournalduforkane.com\/index.php\/wp-json\/wp\/v2\/categories?post=19151"},{"taxonomy":"post_tag","embeddable":true,"href":"https:\/\/www.lejournalduforkane.com\/index.php\/wp-json\/wp\/v2\/tags?post=19151"}],"curies":[{"name":"wp","href":"https:\/\/api.w.org\/{rel}","templated":true}]}}