
{"id":19154,"date":"2018-02-21T14:53:52","date_gmt":"2018-02-21T14:53:52","guid":{"rendered":"https:\/\/www.lejournalduforkane.com\/?p=19154"},"modified":"2018-02-21T19:49:31","modified_gmt":"2018-02-21T19:49:31","slug":"realite-de-lorganisation-terroriste-casques-blancs-en-une-seule-image","status":"publish","type":"post","link":"https:\/\/www.lejournalduforkane.com\/index.php\/realite-de-lorganisation-terroriste-casques-blancs-en-une-seule-image\/","title":{"rendered":"R\u00e9alit\u00e9 de l&rsquo;organisation terroriste \u00ab\u00a0Casques blancs\u00a0\u00bb en une seule image"},"content":{"rendered":"<p><!--more--><\/p>\n<p>R\u00e9alit\u00e9 de l&rsquo;organisation terroriste \u00ab\u00a0Casques blancs\u00a0\u00bb en une seule image<\/p>\n<p>Qui sont les Casques blancs ? Pour les m\u00e9dias, ce sont des sauveteurs voire des h\u00e9ros. Pourtant ces m\u00eames m\u00e9dias cachent les images r\u00e9v\u00e9lant leurs liens avec les terroristes salafistes d\u2019Al-Nosra<br \/>\n<iframe loading=\"lazy\" src=\"https:\/\/www.youtube.com\/embed\/cXuZjpZF6H4\" width=\"560\" height=\"315\" frameborder=\"0\" allowfullscreen=\"allowfullscreen\"><\/iframe><\/p>\n","protected":false},"excerpt":{"rendered":"R\u00e9alit\u00e9 de l'organisation terroriste \"Casques blancs\" en une seule image Qui sont les Casques blancs ? Pour les m\u00e9dias, ce sont des sauveteurs voire des h\u00e9ros. Pourtant ces m\u00eames m\u00e9dias","protected":false},"author":2,"featured_media":0,"comment_status":"closed","ping_status":"open","sticky":false,"template":"","format":"standard","meta":[],"categories":[49],"tags":[],"_links":{"self":[{"href":"https:\/\/www.lejournalduforkane.com\/index.php\/wp-json\/wp\/v2\/posts\/19154"}],"collection":[{"href":"https:\/\/www.lejournalduforkane.com\/index.php\/wp-json\/wp\/v2\/posts"}],"about":[{"href":"https:\/\/www.lejournalduforkane.com\/index.php\/wp-json\/wp\/v2\/types\/post"}],"author":[{"embeddable":true,"href":"https:\/\/www.lejournalduforkane.com\/index.php\/wp-json\/wp\/v2\/users\/2"}],"replies":[{"embeddable":true,"href":"https:\/\/www.lejournalduforkane.com\/index.php\/wp-json\/wp\/v2\/comments?post=19154"}],"version-history":[{"count":1,"href":"https:\/\/www.lejournalduforkane.com\/index.php\/wp-json\/wp\/v2\/posts\/19154\/revisions"}],"predecessor-version":[{"id":19156,"href":"https:\/\/www.lejournalduforkane.com\/index.php\/wp-json\/wp\/v2\/posts\/19154\/revisions\/19156"}],"wp:attachment":[{"href":"https:\/\/www.lejournalduforkane.com\/index.php\/wp-json\/wp\/v2\/media?parent=19154"}],"wp:term":[{"taxonomy":"category","embeddable":true,"href":"https:\/\/www.lejournalduforkane.com\/index.php\/wp-json\/wp\/v2\/categories?post=19154"},{"taxonomy":"post_tag","embeddable":true,"href":"https:\/\/www.lejournalduforkane.com\/index.php\/wp-json\/wp\/v2\/tags?post=19154"}],"curies":[{"name":"wp","href":"https:\/\/api.w.org\/{rel}","templated":true}]}}