
{"id":19171,"date":"2018-01-21T10:56:39","date_gmt":"2018-01-21T10:56:39","guid":{"rendered":"https:\/\/www.lejournalduforkane.com\/?p=19171"},"modified":"2018-01-21T10:59:53","modified_gmt":"2018-01-21T10:59:53","slug":"voici-hasan-17-ans-il-etait-lun-des-12-000-enfants-arretes-dans-les-prisons-israeliennes","status":"publish","type":"post","link":"https:\/\/www.lejournalduforkane.com\/index.php\/voici-hasan-17-ans-il-etait-lun-des-12-000-enfants-arretes-dans-les-prisons-israeliennes\/","title":{"rendered":"Voici Hasan (17 ans). Il \u00e9tait l&rsquo;un des 12 000 enfants arr\u00eat\u00e9s dans les prisons isra\u00e9liennes."},"content":{"rendered":"<p><!--more--><\/p>\n<p><iframe loading=\"lazy\" src=\"\/\/rutube.ru\/play\/embed\/10883543\" width=\"620\" height=\"305\" frameborder=\"0\" allowfullscreen=\"allowfullscreen\"><\/iframe><\/p>\n<p>&nbsp;<\/p>\n","protected":false},"excerpt":{"rendered":"&nbsp;","protected":false},"author":2,"featured_media":0,"comment_status":"closed","ping_status":"open","sticky":false,"template":"","format":"standard","meta":[],"categories":[49],"tags":[],"_links":{"self":[{"href":"https:\/\/www.lejournalduforkane.com\/index.php\/wp-json\/wp\/v2\/posts\/19171"}],"collection":[{"href":"https:\/\/www.lejournalduforkane.com\/index.php\/wp-json\/wp\/v2\/posts"}],"about":[{"href":"https:\/\/www.lejournalduforkane.com\/index.php\/wp-json\/wp\/v2\/types\/post"}],"author":[{"embeddable":true,"href":"https:\/\/www.lejournalduforkane.com\/index.php\/wp-json\/wp\/v2\/users\/2"}],"replies":[{"embeddable":true,"href":"https:\/\/www.lejournalduforkane.com\/index.php\/wp-json\/wp\/v2\/comments?post=19171"}],"version-history":[{"count":2,"href":"https:\/\/www.lejournalduforkane.com\/index.php\/wp-json\/wp\/v2\/posts\/19171\/revisions"}],"predecessor-version":[{"id":19181,"href":"https:\/\/www.lejournalduforkane.com\/index.php\/wp-json\/wp\/v2\/posts\/19171\/revisions\/19181"}],"wp:attachment":[{"href":"https:\/\/www.lejournalduforkane.com\/index.php\/wp-json\/wp\/v2\/media?parent=19171"}],"wp:term":[{"taxonomy":"category","embeddable":true,"href":"https:\/\/www.lejournalduforkane.com\/index.php\/wp-json\/wp\/v2\/categories?post=19171"},{"taxonomy":"post_tag","embeddable":true,"href":"https:\/\/www.lejournalduforkane.com\/index.php\/wp-json\/wp\/v2\/tags?post=19171"}],"curies":[{"name":"wp","href":"https:\/\/api.w.org\/{rel}","templated":true}]}}