
{"id":19188,"date":"2019-10-19T03:04:48","date_gmt":"2019-10-19T03:04:48","guid":{"rendered":"https:\/\/www.lejournalduforkane.com\/?p=19188"},"modified":"2019-10-19T05:28:13","modified_gmt":"2019-10-19T05:28:13","slug":"le-mauvais-jeu-des-turcs","status":"publish","type":"post","link":"https:\/\/www.lejournalduforkane.com\/index.php\/le-mauvais-jeu-des-turcs\/","title":{"rendered":"Le mauvais jeu des Turcs"},"content":{"rendered":"<p style=\"text-align: justify;\"><!--more--><\/p>\n<p style=\"text-align: justify;\">La Turquie a plusieurs cartes dans son jeu. Elle se croit assurer du soutien de l\u2019OTAN\u00a0: un drone et 1 avion de chasse russe abattus, mais les Russes d\u00e9mentent et l\u2019OTAN garde le silence. D\u00e9j\u00e0 les Turcs pr\u00e9textaient la menace de la Syrie et demandaient aux occidentaux d\u2019installer \u00e0 sa fronti\u00e8re des batteries anti-missiles Patriot. A l\u2019\u00e9poque, L\u2019accord de Fabius entra\u00eena celui d\u2019autres pays d\u2019Occident.<\/p>\n<p style=\"text-align: justify;\">Avant le d\u00e9clenchement de la guerre en Syrie et l\u2019afflux de r\u00e9fugi\u00e9s, la Turquie avait d\u00e9j\u00e0 pr\u00e9par\u00e9 des camps. D\u2019un autre c\u00f4t\u00e9, le pays a ses propres groupes terroristes qui viennent d\u2019Asie centrale (Tch\u00e9tch\u00e9nie, Turkm\u00e9nistan, Ouzb\u00e9kistan, Tadjikistan, Afghanistan\u2026) et sont les plus extr\u00e9mistes. Les Turcs ont du mal a attir\u00e9 l\u2019OTAN (qui veut sa perte et celle de la Russie) dans ses machinations imp\u00e9riales. Les groupes \u00e0 la solde de la Turquie sont en perte de vitesse et ont \u00e9t\u00e9 an\u00e9antis.<\/p>\n<p style=\"text-align: justify;\">8000 cibles de Daesh par exemple ont \u00e9t\u00e9 d\u00e9truites par les frappes russes (depuis le 30 septembre \u00e0 la mi-d\u00e9cembre 2015). Les Russes attaquent les Turkm\u00e8nes au nord de Lattaqui\u00e9 qui prot\u00e8gent la Turquie. La Turquie voulait sauver ses terroristes des frappes russes. Il y a une collusion de fait entre les puissances, la Turquie et les jihadistes. Par exemple, les jihadistes de retour de Syrie sont consid\u00e9r\u00e9s comme des \u00ab\u00a0alli\u00e9s objectifs\u00a0\u00bb. Ils ne doivent pas \u00eatre importun\u00e9s, interroger par la police\u2026 Le probl\u00e8me, c\u2019est qu\u2019ils ob\u00e9issent \u00e0 d\u2019autres sir\u00e8nes.<\/p>\n<p style=\"text-align: justify;\">La Turquie frappe un sukho\u00ef SU-24 sans excuse valable et les puissances se d\u00e9cha\u00eenent dans la presse internationale contre l\u2019intervention russe en Syrie qui a permis d\u2019exterminer les groupes terroristes. Mais\u00a0 la Turquie ne re\u00e7oit pas l\u2019aide attendue de l\u2019OTAN. L\u2019organisation appelle \u00e0 la \u00ab\u00a0d\u00e9sescalade\u00a0\u00bb. La Turquie qui rate son coup, avance le viol de son espace a\u00e9rien avec cynisme car toutes les preuves\u00a0 d\u00e9montrent que l\u2019avion russe survolait l\u2019espace a\u00e9rien syrien et visait des groupes terroristes pro-turcs. Poutine est ferme\u00a0: \u00ab\u00a0si on tente de passer la fronti\u00e8re syrienne, il faut frapper avec fermet\u00e9\u00a0\u00bb. Car \u00ab\u00a0qui peut tout, doit tout craindre\u00a0\u00bb, comme dit Racine. L\u2019orgueil des petits ottomans va voler comme vole la poussi\u00e8re.<\/p>\n","protected":false},"excerpt":{"rendered":"La Turquie a plusieurs cartes dans son jeu. Elle se croit assurer du soutien de l\u2019OTAN\u00a0: un drone et 1 avion de chasse russe abattus, mais les Russes d\u00e9mentent et","protected":false},"author":2,"featured_media":19189,"comment_status":"closed","ping_status":"open","sticky":false,"template":"","format":"standard","meta":[],"categories":[10],"tags":[],"_links":{"self":[{"href":"https:\/\/www.lejournalduforkane.com\/index.php\/wp-json\/wp\/v2\/posts\/19188"}],"collection":[{"href":"https:\/\/www.lejournalduforkane.com\/index.php\/wp-json\/wp\/v2\/posts"}],"about":[{"href":"https:\/\/www.lejournalduforkane.com\/index.php\/wp-json\/wp\/v2\/types\/post"}],"author":[{"embeddable":true,"href":"https:\/\/www.lejournalduforkane.com\/index.php\/wp-json\/wp\/v2\/users\/2"}],"replies":[{"embeddable":true,"href":"https:\/\/www.lejournalduforkane.com\/index.php\/wp-json\/wp\/v2\/comments?post=19188"}],"version-history":[{"count":2,"href":"https:\/\/www.lejournalduforkane.com\/index.php\/wp-json\/wp\/v2\/posts\/19188\/revisions"}],"predecessor-version":[{"id":19192,"href":"https:\/\/www.lejournalduforkane.com\/index.php\/wp-json\/wp\/v2\/posts\/19188\/revisions\/19192"}],"wp:featuredmedia":[{"embeddable":true,"href":"https:\/\/www.lejournalduforkane.com\/index.php\/wp-json\/wp\/v2\/media\/19189"}],"wp:attachment":[{"href":"https:\/\/www.lejournalduforkane.com\/index.php\/wp-json\/wp\/v2\/media?parent=19188"}],"wp:term":[{"taxonomy":"category","embeddable":true,"href":"https:\/\/www.lejournalduforkane.com\/index.php\/wp-json\/wp\/v2\/categories?post=19188"},{"taxonomy":"post_tag","embeddable":true,"href":"https:\/\/www.lejournalduforkane.com\/index.php\/wp-json\/wp\/v2\/tags?post=19188"}],"curies":[{"name":"wp","href":"https:\/\/api.w.org\/{rel}","templated":true}]}}