
{"id":19249,"date":"2018-01-28T19:48:42","date_gmt":"2018-01-28T19:48:42","guid":{"rendered":"https:\/\/www.lejournalduforkane.com\/?p=19249"},"modified":"2018-01-28T19:48:42","modified_gmt":"2018-01-28T19:48:42","slug":"gerry-adams-sinn-fein-appelle-le-gouvernement-irlandais-a-reconnaitre-la-palestine","status":"publish","type":"post","link":"https:\/\/www.lejournalduforkane.com\/index.php\/gerry-adams-sinn-fein-appelle-le-gouvernement-irlandais-a-reconnaitre-la-palestine\/","title":{"rendered":"Gerry Adams (Sinn F\u00e9in) appelle le gouvernement irlandais \u00e0 reconna\u00eetre la Palestine"},"content":{"rendered":"<p><!--more--><\/p>\n<p style=\"text-align: justify;\">Gerry Adams (Sinn F\u00e9in)\u00a0appelle le gouvernement irlandais \u00e0 reconna\u00eetre la Palestine et \u00e0 exiger la lib\u00e9ration de Ahed Tamimi.<\/p>\n<p style=\"text-align: justify;\">Les dirigeants arabes doivent avoir honte de ne pas avoir r\u00e9agi \u00e0 l&rsquo;arrestation d&rsquo;un mineur palestinien jusqu&rsquo;\u00e0 pr\u00e9sent !<\/p>\n<p><iframe loading=\"lazy\" src=\"\/\/rutube.ru\/play\/embed\/10899901\" width=\"620\" height=\"305\" frameborder=\"0\" allowfullscreen=\"allowfullscreen\"><\/iframe><\/p>\n","protected":false},"excerpt":{"rendered":"Gerry Adams (Sinn F\u00e9in)\u00a0appelle le gouvernement irlandais \u00e0 reconna\u00eetre la Palestine et \u00e0 exiger la lib\u00e9ration de Ahed Tamimi. Les dirigeants arabes doivent avoir honte de ne pas avoir r\u00e9agi","protected":false},"author":2,"featured_media":0,"comment_status":"closed","ping_status":"open","sticky":false,"template":"","format":"standard","meta":[],"categories":[49],"tags":[],"_links":{"self":[{"href":"https:\/\/www.lejournalduforkane.com\/index.php\/wp-json\/wp\/v2\/posts\/19249"}],"collection":[{"href":"https:\/\/www.lejournalduforkane.com\/index.php\/wp-json\/wp\/v2\/posts"}],"about":[{"href":"https:\/\/www.lejournalduforkane.com\/index.php\/wp-json\/wp\/v2\/types\/post"}],"author":[{"embeddable":true,"href":"https:\/\/www.lejournalduforkane.com\/index.php\/wp-json\/wp\/v2\/users\/2"}],"replies":[{"embeddable":true,"href":"https:\/\/www.lejournalduforkane.com\/index.php\/wp-json\/wp\/v2\/comments?post=19249"}],"version-history":[{"count":1,"href":"https:\/\/www.lejournalduforkane.com\/index.php\/wp-json\/wp\/v2\/posts\/19249\/revisions"}],"predecessor-version":[{"id":19251,"href":"https:\/\/www.lejournalduforkane.com\/index.php\/wp-json\/wp\/v2\/posts\/19249\/revisions\/19251"}],"wp:attachment":[{"href":"https:\/\/www.lejournalduforkane.com\/index.php\/wp-json\/wp\/v2\/media?parent=19249"}],"wp:term":[{"taxonomy":"category","embeddable":true,"href":"https:\/\/www.lejournalduforkane.com\/index.php\/wp-json\/wp\/v2\/categories?post=19249"},{"taxonomy":"post_tag","embeddable":true,"href":"https:\/\/www.lejournalduforkane.com\/index.php\/wp-json\/wp\/v2\/tags?post=19249"}],"curies":[{"name":"wp","href":"https:\/\/api.w.org\/{rel}","templated":true}]}}