
{"id":19263,"date":"2018-01-29T16:01:13","date_gmt":"2018-01-29T16:01:13","guid":{"rendered":"https:\/\/www.lejournalduforkane.com\/?p=19263"},"modified":"2018-01-29T16:03:13","modified_gmt":"2018-01-29T16:03:13","slug":"17-millions-de-femmes-denfants-et-dhommes-au-yemen-sont-confrontes-a-la-famine","status":"publish","type":"post","link":"https:\/\/www.lejournalduforkane.com\/index.php\/17-millions-de-femmes-denfants-et-dhommes-au-yemen-sont-confrontes-a-la-famine\/","title":{"rendered":"17 millions de femmes, d&rsquo;enfants et d&rsquo;hommes au Y\u00e9men sont confront\u00e9s \u00e0 la famine"},"content":{"rendered":"<p><!--more--><\/p>\n<h2>L&rsquo;horloge tourne, leurs vies sont en danger<\/h2>\n<p><img loading=\"lazy\" class=\"alignnone wp-image-19264 size-full\" src=\"https:\/\/www.lejournalduforkane.com\/wp-content\/uploads\/2018\/01\/17-millions-de-femmes-denfants-et-dhommes-au-Y\u00e9men-sont-confront\u00e9s-\u00e0-la-famine.-Lhorloge-tourne-leurs-vies-sont-en-danger.jpg\" alt=\"17 millions de femmes, d'enfants et d'hommes au Y\u00e9men sont confront\u00e9s \u00e0 la famine. L'horloge tourne, leurs vies sont en danger\" width=\"432\" height=\"406\" srcset=\"https:\/\/www.lejournalduforkane.com\/wp-content\/uploads\/2018\/01\/17-millions-de-femmes-denfants-et-dhommes-au-Y\u00e9men-sont-confront\u00e9s-\u00e0-la-famine.-Lhorloge-tourne-leurs-vies-sont-en-danger.jpg 432w, https:\/\/www.lejournalduforkane.com\/wp-content\/uploads\/2018\/01\/17-millions-de-femmes-denfants-et-dhommes-au-Y\u00e9men-sont-confront\u00e9s-\u00e0-la-famine.-Lhorloge-tourne-leurs-vies-sont-en-danger-300x282.jpg 300w\" sizes=\"(max-width: 432px) 100vw, 432px\" \/><br \/>\n<iframe loading=\"lazy\" src=\"\/\/rutube.ru\/play\/embed\/10901360\" width=\"620\" height=\"305\" frameborder=\"0\" allowfullscreen=\"allowfullscreen\"><\/iframe><\/p>\n","protected":false},"excerpt":{"rendered":"L'horloge tourne, leurs vies sont en danger","protected":false},"author":2,"featured_media":0,"comment_status":"closed","ping_status":"open","sticky":false,"template":"","format":"standard","meta":[],"categories":[49],"tags":[],"_links":{"self":[{"href":"https:\/\/www.lejournalduforkane.com\/index.php\/wp-json\/wp\/v2\/posts\/19263"}],"collection":[{"href":"https:\/\/www.lejournalduforkane.com\/index.php\/wp-json\/wp\/v2\/posts"}],"about":[{"href":"https:\/\/www.lejournalduforkane.com\/index.php\/wp-json\/wp\/v2\/types\/post"}],"author":[{"embeddable":true,"href":"https:\/\/www.lejournalduforkane.com\/index.php\/wp-json\/wp\/v2\/users\/2"}],"replies":[{"embeddable":true,"href":"https:\/\/www.lejournalduforkane.com\/index.php\/wp-json\/wp\/v2\/comments?post=19263"}],"version-history":[{"count":4,"href":"https:\/\/www.lejournalduforkane.com\/index.php\/wp-json\/wp\/v2\/posts\/19263\/revisions"}],"predecessor-version":[{"id":19268,"href":"https:\/\/www.lejournalduforkane.com\/index.php\/wp-json\/wp\/v2\/posts\/19263\/revisions\/19268"}],"wp:attachment":[{"href":"https:\/\/www.lejournalduforkane.com\/index.php\/wp-json\/wp\/v2\/media?parent=19263"}],"wp:term":[{"taxonomy":"category","embeddable":true,"href":"https:\/\/www.lejournalduforkane.com\/index.php\/wp-json\/wp\/v2\/categories?post=19263"},{"taxonomy":"post_tag","embeddable":true,"href":"https:\/\/www.lejournalduforkane.com\/index.php\/wp-json\/wp\/v2\/tags?post=19263"}],"curies":[{"name":"wp","href":"https:\/\/api.w.org\/{rel}","templated":true}]}}