
{"id":19269,"date":"2018-01-29T16:11:03","date_gmt":"2018-01-29T16:11:03","guid":{"rendered":"https:\/\/www.lejournalduforkane.com\/?p=19269"},"modified":"2018-01-29T16:11:03","modified_gmt":"2018-01-29T16:11:03","slug":"des-bebes-yemenites-avec-des-maladies-rares-causees-par-le-regime-saoudien","status":"publish","type":"post","link":"https:\/\/www.lejournalduforkane.com\/index.php\/des-bebes-yemenites-avec-des-maladies-rares-causees-par-le-regime-saoudien\/","title":{"rendered":"Des b\u00e9b\u00e9s y\u00e9m\u00e9nites avec des maladies rares caus\u00e9es par le r\u00e9gime saoudien&#8230;"},"content":{"rendered":"<p><!--more--><\/p>\n<p>ATTENTION IMAGES CHOQUANTES !!! Des b\u00e9b\u00e9s y\u00e9m\u00e9nites avec des maladies rares caus\u00e9es par le r\u00e9gime saoudien qui bombarde sans cesse le Y\u00e9men avec des armes interdites !!!<\/p>\n<p>SVP Partagez\u2026<\/p>\n<p><iframe loading=\"lazy\" src=\"\/\/rutube.ru\/play\/embed\/10901382\" width=\"620\" height=\"305\" frameborder=\"0\" allowfullscreen=\"allowfullscreen\"><\/iframe><\/p>\n","protected":false},"excerpt":{"rendered":"ATTENTION IMAGES CHOQUANTES !!! Des b\u00e9b\u00e9s y\u00e9m\u00e9nites avec des maladies rares caus\u00e9es par le r\u00e9gime saoudien qui bombarde sans cesse le Y\u00e9men avec des armes interdites !!! SVP Partagez\u2026","protected":false},"author":2,"featured_media":0,"comment_status":"closed","ping_status":"open","sticky":false,"template":"","format":"standard","meta":[],"categories":[49],"tags":[],"_links":{"self":[{"href":"https:\/\/www.lejournalduforkane.com\/index.php\/wp-json\/wp\/v2\/posts\/19269"}],"collection":[{"href":"https:\/\/www.lejournalduforkane.com\/index.php\/wp-json\/wp\/v2\/posts"}],"about":[{"href":"https:\/\/www.lejournalduforkane.com\/index.php\/wp-json\/wp\/v2\/types\/post"}],"author":[{"embeddable":true,"href":"https:\/\/www.lejournalduforkane.com\/index.php\/wp-json\/wp\/v2\/users\/2"}],"replies":[{"embeddable":true,"href":"https:\/\/www.lejournalduforkane.com\/index.php\/wp-json\/wp\/v2\/comments?post=19269"}],"version-history":[{"count":1,"href":"https:\/\/www.lejournalduforkane.com\/index.php\/wp-json\/wp\/v2\/posts\/19269\/revisions"}],"predecessor-version":[{"id":19271,"href":"https:\/\/www.lejournalduforkane.com\/index.php\/wp-json\/wp\/v2\/posts\/19269\/revisions\/19271"}],"wp:attachment":[{"href":"https:\/\/www.lejournalduforkane.com\/index.php\/wp-json\/wp\/v2\/media?parent=19269"}],"wp:term":[{"taxonomy":"category","embeddable":true,"href":"https:\/\/www.lejournalduforkane.com\/index.php\/wp-json\/wp\/v2\/categories?post=19269"},{"taxonomy":"post_tag","embeddable":true,"href":"https:\/\/www.lejournalduforkane.com\/index.php\/wp-json\/wp\/v2\/tags?post=19269"}],"curies":[{"name":"wp","href":"https:\/\/api.w.org\/{rel}","templated":true}]}}