
{"id":19275,"date":"2018-01-30T11:12:55","date_gmt":"2018-01-30T11:12:55","guid":{"rendered":"https:\/\/www.lejournalduforkane.com\/?p=19275"},"modified":"2018-02-01T11:13:08","modified_gmt":"2018-02-01T11:13:08","slug":"la-mosquee-des-omeyyades-a-alep-est-en-cours-de-construction","status":"publish","type":"post","link":"https:\/\/www.lejournalduforkane.com\/index.php\/la-mosquee-des-omeyyades-a-alep-est-en-cours-de-construction\/","title":{"rendered":"La mosqu\u00e9e des Omeyyades \u00e0 Alep est en cours de construction"},"content":{"rendered":"<p><!--more--><\/p>\n<p style=\"text-align: justify;\">En Syrie la reconstruction de la ville d\u2019Alep est en cours. La grande mosqu\u00e9e des Omeyyades, l\u2019un des plus importants lieux de l\u2019Islam a \u00e9t\u00e9 endommag\u00e9 pendant la guerre contre Daesh. Construite entre les VIII\u00e8me et XIII\u00e8me si\u00e8cle, l\u2019\u00e9difice a subi d\u2019importants d\u00e9g\u00e2ts durant les combats en 2013.<\/p>\n<p><iframe loading=\"lazy\" src=\"\/\/rutube.ru\/play\/embed\/10906292\" width=\"620\" height=\"305\" frameborder=\"0\" allowfullscreen=\"allowfullscreen\"><\/iframe><\/p>\n","protected":false},"excerpt":{"rendered":"En Syrie la reconstruction de la ville d\u2019Alep est en cours. La grande mosqu\u00e9e des Omeyyades, l\u2019un des plus importants lieux de l\u2019Islam a \u00e9t\u00e9 endommag\u00e9 pendant la guerre contre","protected":false},"author":2,"featured_media":0,"comment_status":"closed","ping_status":"open","sticky":false,"template":"","format":"standard","meta":[],"categories":[49],"tags":[],"_links":{"self":[{"href":"https:\/\/www.lejournalduforkane.com\/index.php\/wp-json\/wp\/v2\/posts\/19275"}],"collection":[{"href":"https:\/\/www.lejournalduforkane.com\/index.php\/wp-json\/wp\/v2\/posts"}],"about":[{"href":"https:\/\/www.lejournalduforkane.com\/index.php\/wp-json\/wp\/v2\/types\/post"}],"author":[{"embeddable":true,"href":"https:\/\/www.lejournalduforkane.com\/index.php\/wp-json\/wp\/v2\/users\/2"}],"replies":[{"embeddable":true,"href":"https:\/\/www.lejournalduforkane.com\/index.php\/wp-json\/wp\/v2\/comments?post=19275"}],"version-history":[{"count":1,"href":"https:\/\/www.lejournalduforkane.com\/index.php\/wp-json\/wp\/v2\/posts\/19275\/revisions"}],"predecessor-version":[{"id":19277,"href":"https:\/\/www.lejournalduforkane.com\/index.php\/wp-json\/wp\/v2\/posts\/19275\/revisions\/19277"}],"wp:attachment":[{"href":"https:\/\/www.lejournalduforkane.com\/index.php\/wp-json\/wp\/v2\/media?parent=19275"}],"wp:term":[{"taxonomy":"category","embeddable":true,"href":"https:\/\/www.lejournalduforkane.com\/index.php\/wp-json\/wp\/v2\/categories?post=19275"},{"taxonomy":"post_tag","embeddable":true,"href":"https:\/\/www.lejournalduforkane.com\/index.php\/wp-json\/wp\/v2\/tags?post=19275"}],"curies":[{"name":"wp","href":"https:\/\/api.w.org\/{rel}","templated":true}]}}