
{"id":19278,"date":"2018-01-31T11:34:26","date_gmt":"2018-01-31T11:34:26","guid":{"rendered":"https:\/\/www.lejournalduforkane.com\/?p=19278"},"modified":"2018-02-01T11:37:03","modified_gmt":"2018-02-01T11:37:03","slug":"video-hassan-nasrallah-denonce-le-soutien-de-steven-spielberg-a-israel","status":"publish","type":"post","link":"https:\/\/www.lejournalduforkane.com\/index.php\/video-hassan-nasrallah-denonce-le-soutien-de-steven-spielberg-a-israel\/","title":{"rendered":"[Vid\u00e9o] | Hassan Nasrallah d\u00e9nonce le soutien de Steven Spielberg \u00e0 Isra\u00ebl"},"content":{"rendered":"<p><!--more--><br \/>\n<iframe loading=\"lazy\" src=\"\/\/rutube.ru\/play\/embed\/10906308\" width=\"620\" height=\"305\" frameborder=\"0\" allowfullscreen=\"allowfullscreen\"><\/iframe><\/p>\n","protected":false},"excerpt":{"rendered":"","protected":false},"author":2,"featured_media":0,"comment_status":"closed","ping_status":"open","sticky":false,"template":"","format":"standard","meta":[],"categories":[49],"tags":[],"_links":{"self":[{"href":"https:\/\/www.lejournalduforkane.com\/index.php\/wp-json\/wp\/v2\/posts\/19278"}],"collection":[{"href":"https:\/\/www.lejournalduforkane.com\/index.php\/wp-json\/wp\/v2\/posts"}],"about":[{"href":"https:\/\/www.lejournalduforkane.com\/index.php\/wp-json\/wp\/v2\/types\/post"}],"author":[{"embeddable":true,"href":"https:\/\/www.lejournalduforkane.com\/index.php\/wp-json\/wp\/v2\/users\/2"}],"replies":[{"embeddable":true,"href":"https:\/\/www.lejournalduforkane.com\/index.php\/wp-json\/wp\/v2\/comments?post=19278"}],"version-history":[{"count":2,"href":"https:\/\/www.lejournalduforkane.com\/index.php\/wp-json\/wp\/v2\/posts\/19278\/revisions"}],"predecessor-version":[{"id":19284,"href":"https:\/\/www.lejournalduforkane.com\/index.php\/wp-json\/wp\/v2\/posts\/19278\/revisions\/19284"}],"wp:attachment":[{"href":"https:\/\/www.lejournalduforkane.com\/index.php\/wp-json\/wp\/v2\/media?parent=19278"}],"wp:term":[{"taxonomy":"category","embeddable":true,"href":"https:\/\/www.lejournalduforkane.com\/index.php\/wp-json\/wp\/v2\/categories?post=19278"},{"taxonomy":"post_tag","embeddable":true,"href":"https:\/\/www.lejournalduforkane.com\/index.php\/wp-json\/wp\/v2\/tags?post=19278"}],"curies":[{"name":"wp","href":"https:\/\/api.w.org\/{rel}","templated":true}]}}