
{"id":19289,"date":"2018-02-01T11:49:05","date_gmt":"2018-02-01T11:49:05","guid":{"rendered":"https:\/\/www.lejournalduforkane.com\/?p=19289"},"modified":"2018-02-01T11:53:13","modified_gmt":"2018-02-01T11:53:13","slug":"17-civiles-tues-et-une-vingtaine-ont-ete-blesses-dans-une-frappe-saoudienne-dans-la-province-dimran","status":"publish","type":"post","link":"https:\/\/www.lejournalduforkane.com\/index.php\/17-civiles-tues-et-une-vingtaine-ont-ete-blesses-dans-une-frappe-saoudienne-dans-la-province-dimran\/","title":{"rendered":"17 civiles tu\u00e9s et une vingtaine ont \u00e9t\u00e9 bless\u00e9s dans une frappe saoudienne dans la province d&rsquo;Imran"},"content":{"rendered":"<p><!--more--><\/p>\n<p style=\"text-align: justify;\">NOUVEAU MASSACRE AU Y\u00c9MEN : 17 civiles et une vingtaine ont \u00e9t\u00e9 bless\u00e9s dans une frappe saoudienne dans la province d&rsquo;Imran<\/p>\n<p style=\"text-align: justify;\">Ces bombardements n\u2019\u00e9meuvent personne\u2026 PAS M\u00caME LES MUSULMANS\u2026 SI LES MUSULMANS NE D\u00c9NONCENT PAS LES H\u00c9R\u00c9TIQUES SAOUDIENS ET LES MONSTRES SALAFISTES, CES CHIENS DE L\u2019ENFER, QU\u2019ILS ONT CR\u00c9E, APR\u00c8S LA GUERRE, LES ATTENTATS, LES CRIMES, LES VIOLS DE MASSES, L\u2019EXIL\u2026..D\u2019AUTRES CATASTROPHES S\u2019ABATTRONT SUR LA COMMUNAUT\u00c9\u2026.<\/p>\n<p><iframe loading=\"lazy\" src=\"\/\/rutube.ru\/play\/embed\/10906363\" width=\"620\" height=\"305\" frameborder=\"0\" allowfullscreen=\"allowfullscreen\"><\/iframe><\/p>\n","protected":false},"excerpt":{"rendered":"NOUVEAU MASSACRE AU Y\u00c9MEN : 17 civiles et une vingtaine ont \u00e9t\u00e9 bless\u00e9s dans une frappe saoudienne dans la province d'Imran Ces bombardements n\u2019\u00e9meuvent personne\u2026 PAS M\u00caME LES MUSULMANS\u2026 SI","protected":false},"author":2,"featured_media":0,"comment_status":"closed","ping_status":"open","sticky":false,"template":"","format":"standard","meta":[],"categories":[49],"tags":[],"_links":{"self":[{"href":"https:\/\/www.lejournalduforkane.com\/index.php\/wp-json\/wp\/v2\/posts\/19289"}],"collection":[{"href":"https:\/\/www.lejournalduforkane.com\/index.php\/wp-json\/wp\/v2\/posts"}],"about":[{"href":"https:\/\/www.lejournalduforkane.com\/index.php\/wp-json\/wp\/v2\/types\/post"}],"author":[{"embeddable":true,"href":"https:\/\/www.lejournalduforkane.com\/index.php\/wp-json\/wp\/v2\/users\/2"}],"replies":[{"embeddable":true,"href":"https:\/\/www.lejournalduforkane.com\/index.php\/wp-json\/wp\/v2\/comments?post=19289"}],"version-history":[{"count":4,"href":"https:\/\/www.lejournalduforkane.com\/index.php\/wp-json\/wp\/v2\/posts\/19289\/revisions"}],"predecessor-version":[{"id":19294,"href":"https:\/\/www.lejournalduforkane.com\/index.php\/wp-json\/wp\/v2\/posts\/19289\/revisions\/19294"}],"wp:attachment":[{"href":"https:\/\/www.lejournalduforkane.com\/index.php\/wp-json\/wp\/v2\/media?parent=19289"}],"wp:term":[{"taxonomy":"category","embeddable":true,"href":"https:\/\/www.lejournalduforkane.com\/index.php\/wp-json\/wp\/v2\/categories?post=19289"},{"taxonomy":"post_tag","embeddable":true,"href":"https:\/\/www.lejournalduforkane.com\/index.php\/wp-json\/wp\/v2\/tags?post=19289"}],"curies":[{"name":"wp","href":"https:\/\/api.w.org\/{rel}","templated":true}]}}