
{"id":19319,"date":"2018-02-04T19:41:32","date_gmt":"2018-02-04T19:41:32","guid":{"rendered":"https:\/\/www.lejournalduforkane.com\/?p=19319"},"modified":"2018-02-04T19:45:53","modified_gmt":"2018-02-04T19:45:53","slug":"les-occupants-israeliens-agressent-les-femmes-palestiniennes-dans-jerusalem-occupee","status":"publish","type":"post","link":"https:\/\/www.lejournalduforkane.com\/index.php\/les-occupants-israeliens-agressent-les-femmes-palestiniennes-dans-jerusalem-occupee\/","title":{"rendered":"Les occupants isra\u00e9liens agressent les femmes palestiniennes dans J\u00e9rusalem occup\u00e9e"},"content":{"rendered":"<p><!--more--><\/p>\n<p>Il y aura bien un jour o\u00f9 l&rsquo;oppresseur s&rsquo;\u00e9croulera.<br \/>\nLes occupants isra\u00e9liens agressent les femmes palestiniennes dans J\u00e9rusalem occup\u00e9e<br \/>\n<iframe loading=\"lazy\" src=\"\/\/rutube.ru\/play\/embed\/10913110\" width=\"620\" height=\"305\" frameborder=\"0\" allowfullscreen=\"allowfullscreen\"><\/iframe><\/p>\n","protected":false},"excerpt":{"rendered":"Il y aura bien un jour o\u00f9 l'oppresseur s'\u00e9croulera. Les occupants isra\u00e9liens agressent les femmes palestiniennes dans J\u00e9rusalem occup\u00e9e","protected":false},"author":2,"featured_media":0,"comment_status":"closed","ping_status":"open","sticky":false,"template":"","format":"standard","meta":[],"categories":[49],"tags":[],"_links":{"self":[{"href":"https:\/\/www.lejournalduforkane.com\/index.php\/wp-json\/wp\/v2\/posts\/19319"}],"collection":[{"href":"https:\/\/www.lejournalduforkane.com\/index.php\/wp-json\/wp\/v2\/posts"}],"about":[{"href":"https:\/\/www.lejournalduforkane.com\/index.php\/wp-json\/wp\/v2\/types\/post"}],"author":[{"embeddable":true,"href":"https:\/\/www.lejournalduforkane.com\/index.php\/wp-json\/wp\/v2\/users\/2"}],"replies":[{"embeddable":true,"href":"https:\/\/www.lejournalduforkane.com\/index.php\/wp-json\/wp\/v2\/comments?post=19319"}],"version-history":[{"count":3,"href":"https:\/\/www.lejournalduforkane.com\/index.php\/wp-json\/wp\/v2\/posts\/19319\/revisions"}],"predecessor-version":[{"id":19323,"href":"https:\/\/www.lejournalduforkane.com\/index.php\/wp-json\/wp\/v2\/posts\/19319\/revisions\/19323"}],"wp:attachment":[{"href":"https:\/\/www.lejournalduforkane.com\/index.php\/wp-json\/wp\/v2\/media?parent=19319"}],"wp:term":[{"taxonomy":"category","embeddable":true,"href":"https:\/\/www.lejournalduforkane.com\/index.php\/wp-json\/wp\/v2\/categories?post=19319"},{"taxonomy":"post_tag","embeddable":true,"href":"https:\/\/www.lejournalduforkane.com\/index.php\/wp-json\/wp\/v2\/tags?post=19319"}],"curies":[{"name":"wp","href":"https:\/\/api.w.org\/{rel}","templated":true}]}}