
{"id":19329,"date":"2018-02-06T19:31:54","date_gmt":"2018-02-06T19:31:54","guid":{"rendered":"https:\/\/www.lejournalduforkane.com\/?p=19329"},"modified":"2018-02-06T19:31:54","modified_gmt":"2018-02-06T19:31:54","slug":"cetait-la-seule-ecole-palestinienne-dans-cette-region","status":"publish","type":"post","link":"https:\/\/www.lejournalduforkane.com\/index.php\/cetait-la-seule-ecole-palestinienne-dans-cette-region\/","title":{"rendered":"C&rsquo;\u00e9tait la seule \u00e9cole palestinienne dans cette r\u00e9gion!!"},"content":{"rendered":"<p><!--more--><\/p>\n<p>Les enfants palestiniens sont assis sur les d\u00e9combres de leur seule \u00e9cole, maintenant d\u00e9moli par Isra\u00ebl dans la communaut\u00e9 b\u00e9douine d&rsquo;Abu Al-Nawar, (Est de J\u00e9rusalem).<\/p>\n<p>C&rsquo;\u00e9tait la seule \u00e9cole palestinienne dans cette r\u00e9gion<br \/>\n<iframe loading=\"lazy\" src=\"\/\/rutube.ru\/play\/embed\/10918958\" width=\"620\" height=\"305\" frameborder=\"0\" allowfullscreen=\"allowfullscreen\"><\/iframe><\/p>\n","protected":false},"excerpt":{"rendered":"Les enfants palestiniens sont assis sur les d\u00e9combres de leur seule \u00e9cole, maintenant d\u00e9moli par Isra\u00ebl dans la communaut\u00e9 b\u00e9douine d'Abu Al-Nawar, (Est de J\u00e9rusalem). C'\u00e9tait la seule \u00e9cole palestinienne","protected":false},"author":2,"featured_media":0,"comment_status":"closed","ping_status":"open","sticky":false,"template":"","format":"standard","meta":[],"categories":[49],"tags":[],"_links":{"self":[{"href":"https:\/\/www.lejournalduforkane.com\/index.php\/wp-json\/wp\/v2\/posts\/19329"}],"collection":[{"href":"https:\/\/www.lejournalduforkane.com\/index.php\/wp-json\/wp\/v2\/posts"}],"about":[{"href":"https:\/\/www.lejournalduforkane.com\/index.php\/wp-json\/wp\/v2\/types\/post"}],"author":[{"embeddable":true,"href":"https:\/\/www.lejournalduforkane.com\/index.php\/wp-json\/wp\/v2\/users\/2"}],"replies":[{"embeddable":true,"href":"https:\/\/www.lejournalduforkane.com\/index.php\/wp-json\/wp\/v2\/comments?post=19329"}],"version-history":[{"count":1,"href":"https:\/\/www.lejournalduforkane.com\/index.php\/wp-json\/wp\/v2\/posts\/19329\/revisions"}],"predecessor-version":[{"id":19331,"href":"https:\/\/www.lejournalduforkane.com\/index.php\/wp-json\/wp\/v2\/posts\/19329\/revisions\/19331"}],"wp:attachment":[{"href":"https:\/\/www.lejournalduforkane.com\/index.php\/wp-json\/wp\/v2\/media?parent=19329"}],"wp:term":[{"taxonomy":"category","embeddable":true,"href":"https:\/\/www.lejournalduforkane.com\/index.php\/wp-json\/wp\/v2\/categories?post=19329"},{"taxonomy":"post_tag","embeddable":true,"href":"https:\/\/www.lejournalduforkane.com\/index.php\/wp-json\/wp\/v2\/tags?post=19329"}],"curies":[{"name":"wp","href":"https:\/\/api.w.org\/{rel}","templated":true}]}}