
{"id":19338,"date":"2018-02-06T19:47:54","date_gmt":"2018-02-06T19:47:54","guid":{"rendered":"https:\/\/www.lejournalduforkane.com\/?p=19338"},"modified":"2018-02-06T19:49:07","modified_gmt":"2018-02-06T19:49:07","slug":"une-manifestation-de-solidarite-et-de-soutien-a-ahed-tamimi-aux-autres-enfants-palestiniens-detenus-dans-les-prisons-disrael-en-irlande","status":"publish","type":"post","link":"https:\/\/www.lejournalduforkane.com\/index.php\/une-manifestation-de-solidarite-et-de-soutien-a-ahed-tamimi-aux-autres-enfants-palestiniens-detenus-dans-les-prisons-disrael-en-irlande\/","title":{"rendered":"Une manifestation de solidarit\u00e9 et de soutien \u00e0 Ahed Tamimi &#038; aux autres enfants palestiniens d\u00e9tenus dans les prisons d&rsquo;Isra\u00ebl, en Irlande &#8230;"},"content":{"rendered":"<p style=\"text-align: justify;\"><!--more-->Une manifestation de solidarit\u00e9 et de soutien \u00e0 Ahed Tamimi &amp; aux autres enfants palestiniens d\u00e9tenus dans les prisons d&rsquo;Isra\u00ebl, en Irlande &#8230;<\/p>\n<p>Une fois de plus, le peuple irlandais est \u00e0 l\u2019honneur. Les irlandais sont tous simplement exemplaires et courageux.<\/p>\n<p>NOUS SOMMES DE TOUT C\u0152UR AVEC LES PALESTINIENS QUI MALGR\u00c9 LEUR SOUFFRANCE CONTINUENT DE LUTTER.<\/p>\n<p>Une fois de plus, le peuple irlandais est \u00e0 l\u2019honneur.<\/p>\n<p><iframe loading=\"lazy\" src=\"\/\/rutube.ru\/play\/embed\/10919011\" width=\"620\" height=\"305\" frameborder=\"0\" allowfullscreen=\"allowfullscreen\"><\/iframe><\/p>\n","protected":false},"excerpt":{"rendered":"Une manifestation de solidarit\u00e9 et de soutien \u00e0 Ahed Tamimi &amp; aux autres enfants palestiniens d\u00e9tenus dans les prisons d'Isra\u00ebl, en Irlande ... Une fois de plus, le peuple irlandais","protected":false},"author":2,"featured_media":0,"comment_status":"closed","ping_status":"open","sticky":false,"template":"","format":"standard","meta":[],"categories":[49],"tags":[],"_links":{"self":[{"href":"https:\/\/www.lejournalduforkane.com\/index.php\/wp-json\/wp\/v2\/posts\/19338"}],"collection":[{"href":"https:\/\/www.lejournalduforkane.com\/index.php\/wp-json\/wp\/v2\/posts"}],"about":[{"href":"https:\/\/www.lejournalduforkane.com\/index.php\/wp-json\/wp\/v2\/types\/post"}],"author":[{"embeddable":true,"href":"https:\/\/www.lejournalduforkane.com\/index.php\/wp-json\/wp\/v2\/users\/2"}],"replies":[{"embeddable":true,"href":"https:\/\/www.lejournalduforkane.com\/index.php\/wp-json\/wp\/v2\/comments?post=19338"}],"version-history":[{"count":3,"href":"https:\/\/www.lejournalduforkane.com\/index.php\/wp-json\/wp\/v2\/posts\/19338\/revisions"}],"predecessor-version":[{"id":19343,"href":"https:\/\/www.lejournalduforkane.com\/index.php\/wp-json\/wp\/v2\/posts\/19338\/revisions\/19343"}],"wp:attachment":[{"href":"https:\/\/www.lejournalduforkane.com\/index.php\/wp-json\/wp\/v2\/media?parent=19338"}],"wp:term":[{"taxonomy":"category","embeddable":true,"href":"https:\/\/www.lejournalduforkane.com\/index.php\/wp-json\/wp\/v2\/categories?post=19338"},{"taxonomy":"post_tag","embeddable":true,"href":"https:\/\/www.lejournalduforkane.com\/index.php\/wp-json\/wp\/v2\/tags?post=19338"}],"curies":[{"name":"wp","href":"https:\/\/api.w.org\/{rel}","templated":true}]}}