
{"id":19373,"date":"2018-02-11T19:56:59","date_gmt":"2018-02-11T19:56:59","guid":{"rendered":"https:\/\/www.lejournalduforkane.com\/?p=19373"},"modified":"2018-02-11T19:56:59","modified_gmt":"2018-02-11T19:56:59","slug":"les-yemenites-sont-sortis-a-loccasion-du-7eme-anniversaire-de-la-revolution-du-11-fevrier","status":"publish","type":"post","link":"https:\/\/www.lejournalduforkane.com\/index.php\/les-yemenites-sont-sortis-a-loccasion-du-7eme-anniversaire-de-la-revolution-du-11-fevrier\/","title":{"rendered":"Les Y\u00e9m\u00e9nites sont sortis \u00e0 l&rsquo;occasion du 7\u00e8me anniversaire de la r\u00e9volution du 11 f\u00e9vrier"},"content":{"rendered":"<p><!--more--><\/p>\n<p style=\"text-align: justify;\">Aujourd&rsquo;hui marque le 7\u00e8me anniversaire de la r\u00e9volution du 11 f\u00e9vrier, au cours duquel le peuple y\u00e9m\u00e9nite est sorti pour renverser le r\u00e9gime et se lib\u00e9rer de la tyrannie.<\/p>\n<p style=\"text-align: justify;\">ON NE PEUT QU\u2019\u00caTRE ADMIRATIF DEVANT CE PEUPLE COURAGEUX QUI BRAVE LES BOMBARDEMENTS DES SIONISTES ARABES. C\u2019EST L\u00c0 QUE L\u2019ON COMPREND POURQUOI LE Y\u00c9MEN EST B\u00c9NI PAR LE GRAND PROPH\u00c8TE (P), ET POURQUOI IL A MAUDIT LES SAOUDS ET LES CHIENS DE L\u2019ENFER SALAFISTE.<\/p>\n<p><iframe loading=\"lazy\" width=\"620\" height=\"305\" src=\"\/\/rutube.ru\/play\/embed\/10929549\" frameborder=\"0\" webkitAllowFullScreen mozallowfullscreen allowfullscreen><\/iframe><\/p>\n","protected":false},"excerpt":{"rendered":"Aujourd'hui marque le 7\u00e8me anniversaire de la r\u00e9volution du 11 f\u00e9vrier, au cours duquel le peuple y\u00e9m\u00e9nite est sorti pour renverser le r\u00e9gime et se lib\u00e9rer de la tyrannie. ON","protected":false},"author":2,"featured_media":0,"comment_status":"closed","ping_status":"open","sticky":false,"template":"","format":"standard","meta":[],"categories":[49],"tags":[],"_links":{"self":[{"href":"https:\/\/www.lejournalduforkane.com\/index.php\/wp-json\/wp\/v2\/posts\/19373"}],"collection":[{"href":"https:\/\/www.lejournalduforkane.com\/index.php\/wp-json\/wp\/v2\/posts"}],"about":[{"href":"https:\/\/www.lejournalduforkane.com\/index.php\/wp-json\/wp\/v2\/types\/post"}],"author":[{"embeddable":true,"href":"https:\/\/www.lejournalduforkane.com\/index.php\/wp-json\/wp\/v2\/users\/2"}],"replies":[{"embeddable":true,"href":"https:\/\/www.lejournalduforkane.com\/index.php\/wp-json\/wp\/v2\/comments?post=19373"}],"version-history":[{"count":1,"href":"https:\/\/www.lejournalduforkane.com\/index.php\/wp-json\/wp\/v2\/posts\/19373\/revisions"}],"predecessor-version":[{"id":19376,"href":"https:\/\/www.lejournalduforkane.com\/index.php\/wp-json\/wp\/v2\/posts\/19373\/revisions\/19376"}],"wp:attachment":[{"href":"https:\/\/www.lejournalduforkane.com\/index.php\/wp-json\/wp\/v2\/media?parent=19373"}],"wp:term":[{"taxonomy":"category","embeddable":true,"href":"https:\/\/www.lejournalduforkane.com\/index.php\/wp-json\/wp\/v2\/categories?post=19373"},{"taxonomy":"post_tag","embeddable":true,"href":"https:\/\/www.lejournalduforkane.com\/index.php\/wp-json\/wp\/v2\/tags?post=19373"}],"curies":[{"name":"wp","href":"https:\/\/api.w.org\/{rel}","templated":true}]}}