
{"id":19377,"date":"2018-02-12T20:10:45","date_gmt":"2018-02-12T20:10:45","guid":{"rendered":"https:\/\/www.lejournalduforkane.com\/?p=19377"},"modified":"2018-02-12T20:10:45","modified_gmt":"2018-02-12T20:10:45","slug":"nouveau-lislam-est-attaque-13","status":"publish","type":"post","link":"https:\/\/www.lejournalduforkane.com\/index.php\/nouveau-lislam-est-attaque-13\/","title":{"rendered":"[Nouveau] L\u2019Islam est attaqu\u00e9 (13)"},"content":{"rendered":"<p style=\"text-align: justify;\"><!--more-->On a voulu interdire le voile ou le foulard \u00e0 l\u2019universit\u00e9 sans passer par la loi\u00a0: \u00ab\u00a0on n\u2019en a pas besoin\u00a0\u00bb, dit Hollande. En Belgique, les autorit\u00e9s parlent de tuer le mouton (lors de la F\u00eate du sacrifice) avec endormissement et en pronon\u00e7ant le nom de Dieu. La la\u00efcit\u00e9, c\u2019est qu\u2019en cela arrange. Les dirigeants, malheureusement ne cherchent pas la solution et surfe sur l\u2019islamophobie pour rester au pouvoir sans rendre compte de leur politique et de leur incomp\u00e9tence.<\/p>\n<p style=\"text-align: justify;\">En Corse, les \u00e9v\u00e8nements sentent la manipulation. Des pompiers et la police sont appel\u00e9s et tombent dans une \u00ab\u00a0embuscade\u00a0\u00bb. On accuse des maghr\u00e9bins, en g\u00e9n\u00e9ral des Musulmans. La situation s\u2019envenime car en repr\u00e9sailles, c\u2019est une mosqu\u00e9e qui est attaqu\u00e9e. Des livres sacr\u00e9s sont br\u00fbl\u00e9s et c\u2019est un r\u00e9flexe comme dit le po\u00e8te\u00a0: \u00ab\u00a0l\u00e0 o\u00f9 on br\u00fble des livres, on finira par br\u00fbler des hommes\u00a0\u00bb.<\/p>\n<p style=\"text-align: justify;\">2 dangers fondamentaux menacent\u00a0: les attentats et la crise des migrants. La France a \u00e9t\u00e9 durement touch\u00e9e en d\u00e9but et en fin 2015\u00a0: en janvier avec Charlie-Hebdo et un supermarch\u00e9 et le vendredi 13 novembre avec le Bataclan. Les Fran\u00e7ais ont relativement bien r\u00e9agit \u00e0 la terreur que voulait r\u00e9pandre les terroristes. La presse durant cette p\u00e9riode joue \u00e0 un jeu dangereux, d\u2019un c\u00f4t\u00e9 elle surfe sur l\u2019islamophobie de l\u2019autre elle r\u00e9p\u00e8te sans cesse\u00a0: \u00ab\u00a0on ne peut tous les surveiller\u00a0\u00bb.<\/p>\n<p style=\"text-align: justify;\">Or c\u2019est un double mensonge. En effet, les services de renseignement peuvent contr\u00f4ler toute la France, s\u2019ils le veulent. Les jeunes qui rentrent de Syrie sont consid\u00e9r\u00e9s comme des \u00ab\u00a0alli\u00e9s objectifs\u00a0\u00bb\u00a0 poursuivant le m\u00eame but que la France. Ils ne doivent donc pas \u00eatre interpell\u00e9s, interrog\u00e9s etc. Les pouvoirs publics ne trouvent d\u2019autres solutions que d\u2019injecter de l\u2019argent dans les sables mouvants. Des politiques demandent m\u00eame aux fran\u00e7ais de s\u2019habituer d\u00e9sormais aux attentats. On comprend alors combien il est impossible de croire que des jeunes de banlieues sont capables de s\u2019organiser avec une telle ampleur pour frapper les puissances.<\/p>\n<p style=\"text-align: justify;\">Les migrants sont tomb\u00e9s dans le pi\u00e8ge europ\u00e9en. On fait croire que la plupart sont des Syriens pour mettre le gouvernement Assad en ligne de mire. Ils viennent de pays d\u00e9vast\u00e9s par les Etats-Unis en particulier au Moyen-Orient, et la France, elle, se charge de d\u00e9truire la Libye.<\/p>\n<p style=\"text-align: justify;\">Au d\u00e9but, la presse encourage les migrants \u00e0 venir et pousse les Europ\u00e9ens \u00e0 la compassion. D\u00e9sormais, on veut faire porter le fardeau \u00e0 la Turquie pour l\u2019accuser d\u2019incomp\u00e9tence et on parle des d\u00e9sordres cr\u00e9\u00e9s par les migrants arabes en Allemagne notamment en gare de Cologne, des femmes prise \u00e0 partie\u2026 D\u2019autres parlent de complot \u00e0 cause des violeurs skinheads et n\u00e9onazis\u2026<\/p>\n<p style=\"text-align: justify;\"><strong>Seuls J\u00e9sus et Al-Mahdi peuvent sauver l\u2019Occident et l\u2019Islam de la guerre des civilisations.<\/strong><\/p>\n","protected":false},"excerpt":{"rendered":"On a voulu interdire le voile ou le foulard \u00e0 l\u2019universit\u00e9 sans passer par la loi\u00a0: \"on n\u2019en a pas besoin\", dit Hollande. En Belgique, les autorit\u00e9s parlent de tuer","protected":false},"author":2,"featured_media":0,"comment_status":"closed","ping_status":"open","sticky":false,"template":"","format":"standard","meta":[],"categories":[],"tags":[],"_links":{"self":[{"href":"https:\/\/www.lejournalduforkane.com\/index.php\/wp-json\/wp\/v2\/posts\/19377"}],"collection":[{"href":"https:\/\/www.lejournalduforkane.com\/index.php\/wp-json\/wp\/v2\/posts"}],"about":[{"href":"https:\/\/www.lejournalduforkane.com\/index.php\/wp-json\/wp\/v2\/types\/post"}],"author":[{"embeddable":true,"href":"https:\/\/www.lejournalduforkane.com\/index.php\/wp-json\/wp\/v2\/users\/2"}],"replies":[{"embeddable":true,"href":"https:\/\/www.lejournalduforkane.com\/index.php\/wp-json\/wp\/v2\/comments?post=19377"}],"version-history":[{"count":2,"href":"https:\/\/www.lejournalduforkane.com\/index.php\/wp-json\/wp\/v2\/posts\/19377\/revisions"}],"predecessor-version":[{"id":19383,"href":"https:\/\/www.lejournalduforkane.com\/index.php\/wp-json\/wp\/v2\/posts\/19377\/revisions\/19383"}],"wp:attachment":[{"href":"https:\/\/www.lejournalduforkane.com\/index.php\/wp-json\/wp\/v2\/media?parent=19377"}],"wp:term":[{"taxonomy":"category","embeddable":true,"href":"https:\/\/www.lejournalduforkane.com\/index.php\/wp-json\/wp\/v2\/categories?post=19377"},{"taxonomy":"post_tag","embeddable":true,"href":"https:\/\/www.lejournalduforkane.com\/index.php\/wp-json\/wp\/v2\/tags?post=19377"}],"curies":[{"name":"wp","href":"https:\/\/api.w.org\/{rel}","templated":true}]}}