
{"id":19379,"date":"2018-02-12T20:07:34","date_gmt":"2018-02-12T20:07:34","guid":{"rendered":"https:\/\/www.lejournalduforkane.com\/?p=19379"},"modified":"2018-02-12T20:07:34","modified_gmt":"2018-02-12T20:07:34","slug":"la-vie-des-enfants-en-danger-au-yemen-au-fur-et-a-mesure-que-le-blocus-de-laide-se-poursuit","status":"publish","type":"post","link":"https:\/\/www.lejournalduforkane.com\/index.php\/la-vie-des-enfants-en-danger-au-yemen-au-fur-et-a-mesure-que-le-blocus-de-laide-se-poursuit\/","title":{"rendered":"La vie des enfants en danger au Y\u00e9men au fur et \u00e0 mesure que le blocus de l&rsquo;aide se poursuit"},"content":{"rendered":"<p style=\"text-align: justify;\"><!--more-->Ils sont confront\u00e9s \u00e0 la maladie, \u00e0 la famine et \u00e0 la mort<\/p>\n<p><iframe loading=\"lazy\" src=\"\/\/rutube.ru\/play\/embed\/10931434\" width=\"720\" height=\"405\" frameborder=\"0\" allowfullscreen=\"allowfullscreen\"><\/iframe><\/p>\n","protected":false},"excerpt":{"rendered":"Ils sont confront\u00e9s \u00e0 la maladie, \u00e0 la famine et \u00e0 la mort","protected":false},"author":2,"featured_media":0,"comment_status":"closed","ping_status":"open","sticky":false,"template":"","format":"standard","meta":[],"categories":[49],"tags":[],"_links":{"self":[{"href":"https:\/\/www.lejournalduforkane.com\/index.php\/wp-json\/wp\/v2\/posts\/19379"}],"collection":[{"href":"https:\/\/www.lejournalduforkane.com\/index.php\/wp-json\/wp\/v2\/posts"}],"about":[{"href":"https:\/\/www.lejournalduforkane.com\/index.php\/wp-json\/wp\/v2\/types\/post"}],"author":[{"embeddable":true,"href":"https:\/\/www.lejournalduforkane.com\/index.php\/wp-json\/wp\/v2\/users\/2"}],"replies":[{"embeddable":true,"href":"https:\/\/www.lejournalduforkane.com\/index.php\/wp-json\/wp\/v2\/comments?post=19379"}],"version-history":[{"count":1,"href":"https:\/\/www.lejournalduforkane.com\/index.php\/wp-json\/wp\/v2\/posts\/19379\/revisions"}],"predecessor-version":[{"id":19381,"href":"https:\/\/www.lejournalduforkane.com\/index.php\/wp-json\/wp\/v2\/posts\/19379\/revisions\/19381"}],"wp:attachment":[{"href":"https:\/\/www.lejournalduforkane.com\/index.php\/wp-json\/wp\/v2\/media?parent=19379"}],"wp:term":[{"taxonomy":"category","embeddable":true,"href":"https:\/\/www.lejournalduforkane.com\/index.php\/wp-json\/wp\/v2\/categories?post=19379"},{"taxonomy":"post_tag","embeddable":true,"href":"https:\/\/www.lejournalduforkane.com\/index.php\/wp-json\/wp\/v2\/tags?post=19379"}],"curies":[{"name":"wp","href":"https:\/\/api.w.org\/{rel}","templated":true}]}}