
{"id":19389,"date":"2018-02-14T20:19:10","date_gmt":"2018-02-14T20:19:10","guid":{"rendered":"https:\/\/www.lejournalduforkane.com\/?p=19389"},"modified":"2018-02-14T20:19:10","modified_gmt":"2018-02-14T20:19:10","slug":"la-superbe-intervention-de-benoit-hellings-a-la-chambre-des-representants-en-belgique-concernant-la-decision-de-trump-sur-jerusalem","status":"publish","type":"post","link":"https:\/\/www.lejournalduforkane.com\/index.php\/la-superbe-intervention-de-benoit-hellings-a-la-chambre-des-representants-en-belgique-concernant-la-decision-de-trump-sur-jerusalem\/","title":{"rendered":"La SUPERBE intervention de Benoit Hellings \u00e0 la Chambre des repr\u00e9sentants en Belgique concernant la d\u00e9cision de Trump sur J\u00e9rusalem !"},"content":{"rendered":"<p><!--more--><\/p>\n<p>La SUPERBE intervention de Benoit Hellings \u00e0 la Chambre des repr\u00e9sentants en Belgique concernant la d\u00e9cision de Trump sur J\u00e9rusalem !<\/p>\n<p><iframe loading=\"lazy\" src=\"\/\/rutube.ru\/play\/embed\/10935894\" width=\"620\" height=\"305\" frameborder=\"0\" allowfullscreen=\"allowfullscreen\"><\/iframe><\/p>\n","protected":false},"excerpt":{"rendered":"La SUPERBE intervention de Benoit Hellings \u00e0 la Chambre des repr\u00e9sentants en Belgique concernant la d\u00e9cision de Trump sur J\u00e9rusalem !","protected":false},"author":2,"featured_media":0,"comment_status":"closed","ping_status":"open","sticky":false,"template":"","format":"standard","meta":[],"categories":[49],"tags":[],"_links":{"self":[{"href":"https:\/\/www.lejournalduforkane.com\/index.php\/wp-json\/wp\/v2\/posts\/19389"}],"collection":[{"href":"https:\/\/www.lejournalduforkane.com\/index.php\/wp-json\/wp\/v2\/posts"}],"about":[{"href":"https:\/\/www.lejournalduforkane.com\/index.php\/wp-json\/wp\/v2\/types\/post"}],"author":[{"embeddable":true,"href":"https:\/\/www.lejournalduforkane.com\/index.php\/wp-json\/wp\/v2\/users\/2"}],"replies":[{"embeddable":true,"href":"https:\/\/www.lejournalduforkane.com\/index.php\/wp-json\/wp\/v2\/comments?post=19389"}],"version-history":[{"count":1,"href":"https:\/\/www.lejournalduforkane.com\/index.php\/wp-json\/wp\/v2\/posts\/19389\/revisions"}],"predecessor-version":[{"id":19391,"href":"https:\/\/www.lejournalduforkane.com\/index.php\/wp-json\/wp\/v2\/posts\/19389\/revisions\/19391"}],"wp:attachment":[{"href":"https:\/\/www.lejournalduforkane.com\/index.php\/wp-json\/wp\/v2\/media?parent=19389"}],"wp:term":[{"taxonomy":"category","embeddable":true,"href":"https:\/\/www.lejournalduforkane.com\/index.php\/wp-json\/wp\/v2\/categories?post=19389"},{"taxonomy":"post_tag","embeddable":true,"href":"https:\/\/www.lejournalduforkane.com\/index.php\/wp-json\/wp\/v2\/tags?post=19389"}],"curies":[{"name":"wp","href":"https:\/\/api.w.org\/{rel}","templated":true}]}}