
{"id":19415,"date":"2018-02-18T15:52:33","date_gmt":"2018-02-18T15:52:33","guid":{"rendered":"https:\/\/www.lejournalduforkane.com\/?p=19415"},"modified":"2018-02-18T15:52:33","modified_gmt":"2018-02-18T15:52:33","slug":"video-badreddine-hassoun-grand-mufti-de-syrie-tout-le-feu-qui-a-ete-allume-dans-la-region-son-but-etait-de-nous-faire-oublier-la-palestine","status":"publish","type":"post","link":"https:\/\/www.lejournalduforkane.com\/index.php\/video-badreddine-hassoun-grand-mufti-de-syrie-tout-le-feu-qui-a-ete-allume-dans-la-region-son-but-etait-de-nous-faire-oublier-la-palestine\/","title":{"rendered":"[Vid\u00e9o] Badreddine Hassoun (grand mufti de Syrie) : \u00a0\u00bb Tout le feu qui a \u00e9t\u00e9 allum\u00e9 dans la r\u00e9gion, son but \u00e9tait de nous faire oublier la Palestine&#8230;\u00a0\u00bb"},"content":{"rendered":"<p><!--more--><\/p>\n<p>[Vid\u00e9o] Badreddine Hassoun (grand mufti de Syrie) : \u00a0\u00bb Tout le feu qui a \u00e9t\u00e9 allum\u00e9 dans la r\u00e9gion, son but \u00e9tait de nous faire oublier la Palestine&#8230;\u00a0\u00bb<br \/>\n<iframe loading=\"lazy\" width=\"620\" height=\"305\" src=\"\/\/rutube.ru\/play\/embed\/10946551\" frameborder=\"0\" webkitAllowFullScreen mozallowfullscreen allowfullscreen><\/iframe><\/p>\n","protected":false},"excerpt":{"rendered":"[Vid\u00e9o] Badreddine Hassoun (grand mufti de Syrie) : \" Tout le feu qui a \u00e9t\u00e9 allum\u00e9 dans la r\u00e9gion, son but \u00e9tait de nous faire oublier la Palestine...\"","protected":false},"author":2,"featured_media":0,"comment_status":"closed","ping_status":"open","sticky":false,"template":"","format":"standard","meta":[],"categories":[49],"tags":[],"_links":{"self":[{"href":"https:\/\/www.lejournalduforkane.com\/index.php\/wp-json\/wp\/v2\/posts\/19415"}],"collection":[{"href":"https:\/\/www.lejournalduforkane.com\/index.php\/wp-json\/wp\/v2\/posts"}],"about":[{"href":"https:\/\/www.lejournalduforkane.com\/index.php\/wp-json\/wp\/v2\/types\/post"}],"author":[{"embeddable":true,"href":"https:\/\/www.lejournalduforkane.com\/index.php\/wp-json\/wp\/v2\/users\/2"}],"replies":[{"embeddable":true,"href":"https:\/\/www.lejournalduforkane.com\/index.php\/wp-json\/wp\/v2\/comments?post=19415"}],"version-history":[{"count":1,"href":"https:\/\/www.lejournalduforkane.com\/index.php\/wp-json\/wp\/v2\/posts\/19415\/revisions"}],"predecessor-version":[{"id":19417,"href":"https:\/\/www.lejournalduforkane.com\/index.php\/wp-json\/wp\/v2\/posts\/19415\/revisions\/19417"}],"wp:attachment":[{"href":"https:\/\/www.lejournalduforkane.com\/index.php\/wp-json\/wp\/v2\/media?parent=19415"}],"wp:term":[{"taxonomy":"category","embeddable":true,"href":"https:\/\/www.lejournalduforkane.com\/index.php\/wp-json\/wp\/v2\/categories?post=19415"},{"taxonomy":"post_tag","embeddable":true,"href":"https:\/\/www.lejournalduforkane.com\/index.php\/wp-json\/wp\/v2\/tags?post=19415"}],"curies":[{"name":"wp","href":"https:\/\/api.w.org\/{rel}","templated":true}]}}