
{"id":19421,"date":"2018-02-18T16:13:33","date_gmt":"2018-02-18T16:13:33","guid":{"rendered":"https:\/\/www.lejournalduforkane.com\/?p=19421"},"modified":"2018-02-18T16:13:33","modified_gmt":"2018-02-18T16:13:33","slug":"attention-images-choquantes-regardez-comment-les-soldats-turcs-executent-des-combattants-kurdes-au-nord-de-la-syrie","status":"publish","type":"post","link":"https:\/\/www.lejournalduforkane.com\/index.php\/attention-images-choquantes-regardez-comment-les-soldats-turcs-executent-des-combattants-kurdes-au-nord-de-la-syrie\/","title":{"rendered":"ATTENTION IMAGES CHOQUANTES !!! Regardez comment les soldats turcs ex\u00e9cutent des combattants kurdes au nord de la Syrie&#8230;"},"content":{"rendered":"<p><!--more--><\/p>\n<p>ATTENTION IMAGES CHOQUANTES !!! Regardez comment les soldats turcs ex\u00e9cutent des combattants kurdes au nord de la Syrie&#8230;<\/p>\n<p>Cela fait rappeler les m\u00e9thodes d&rsquo;ex\u00e9cution de Daesh&#8230;<\/p>\n<p><iframe loading=\"lazy\" width=\"620\" height=\"305\" src=\"\/\/rutube.ru\/play\/embed\/10946591\" frameborder=\"0\" webkitAllowFullScreen mozallowfullscreen allowfullscreen><\/iframe><\/p>\n","protected":false},"excerpt":{"rendered":"ATTENTION IMAGES CHOQUANTES !!! Regardez comment les soldats turcs ex\u00e9cutent des combattants kurdes au nord de la Syrie... Cela fait rappeler les m\u00e9thodes d'ex\u00e9cution de Daesh...","protected":false},"author":2,"featured_media":0,"comment_status":"closed","ping_status":"open","sticky":false,"template":"","format":"standard","meta":[],"categories":[49],"tags":[],"_links":{"self":[{"href":"https:\/\/www.lejournalduforkane.com\/index.php\/wp-json\/wp\/v2\/posts\/19421"}],"collection":[{"href":"https:\/\/www.lejournalduforkane.com\/index.php\/wp-json\/wp\/v2\/posts"}],"about":[{"href":"https:\/\/www.lejournalduforkane.com\/index.php\/wp-json\/wp\/v2\/types\/post"}],"author":[{"embeddable":true,"href":"https:\/\/www.lejournalduforkane.com\/index.php\/wp-json\/wp\/v2\/users\/2"}],"replies":[{"embeddable":true,"href":"https:\/\/www.lejournalduforkane.com\/index.php\/wp-json\/wp\/v2\/comments?post=19421"}],"version-history":[{"count":1,"href":"https:\/\/www.lejournalduforkane.com\/index.php\/wp-json\/wp\/v2\/posts\/19421\/revisions"}],"predecessor-version":[{"id":19422,"href":"https:\/\/www.lejournalduforkane.com\/index.php\/wp-json\/wp\/v2\/posts\/19421\/revisions\/19422"}],"wp:attachment":[{"href":"https:\/\/www.lejournalduforkane.com\/index.php\/wp-json\/wp\/v2\/media?parent=19421"}],"wp:term":[{"taxonomy":"category","embeddable":true,"href":"https:\/\/www.lejournalduforkane.com\/index.php\/wp-json\/wp\/v2\/categories?post=19421"},{"taxonomy":"post_tag","embeddable":true,"href":"https:\/\/www.lejournalduforkane.com\/index.php\/wp-json\/wp\/v2\/tags?post=19421"}],"curies":[{"name":"wp","href":"https:\/\/api.w.org\/{rel}","templated":true}]}}