
{"id":19424,"date":"2018-02-18T16:19:37","date_gmt":"2018-02-18T16:19:37","guid":{"rendered":"https:\/\/www.lejournalduforkane.com\/?p=19424"},"modified":"2018-02-18T16:19:37","modified_gmt":"2018-02-18T16:19:37","slug":"regardez-le-moment-ou-le-president-libanais-michel-aoun-a-meprise-le-secretaire-detat-americain-rex-tillerson-et-sa-delegation","status":"publish","type":"post","link":"https:\/\/www.lejournalduforkane.com\/index.php\/regardez-le-moment-ou-le-president-libanais-michel-aoun-a-meprise-le-secretaire-detat-americain-rex-tillerson-et-sa-delegation\/","title":{"rendered":"Regardez le moment o\u00f9 le pr\u00e9sident libanais, Michel Aoun, a m\u00e9pris\u00e9 le secr\u00e9taire d&rsquo;\u00e9tat am\u00e9ricain Rex Tillerson et sa d\u00e9l\u00e9gation"},"content":{"rendered":"<p style=\"text-align: justify;\"><!--more--><\/p>\n<p style=\"text-align: justify;\">Regardez le moment o\u00f9 le pr\u00e9sident libanais, Michel Aoun, a m\u00e9pris\u00e9 le secr\u00e9taire d&rsquo;\u00e9tat am\u00e9ricain Rex Tillerson et sa d\u00e9l\u00e9gation<\/p>\n<p style=\"text-align: justify;\">Le secr\u00e9taire d\u2019Etat am\u00e9ricain, Rex Tillerson, n\u2019a pas \u00e9t\u00e9 accueilli lors de sa courte visite au Liban par le Pr\u00e9sident libanais ni par aucun ministre&#8230;<\/p>\n<p style=\"text-align: justify;\">A son arriv\u00e9e au palais pr\u00e9sidentiel Rex Tillerson s\u2019est trouv\u00e9 tout seul dans le grand salon&#8230;<\/p>\n<p><iframe loading=\"lazy\" src=\"\/\/rutube.ru\/play\/embed\/10946609\" width=\"620\" height=\"305\" frameborder=\"0\" allowfullscreen=\"allowfullscreen\"><\/iframe><\/p>\n","protected":false},"excerpt":{"rendered":"Regardez le moment o\u00f9 le pr\u00e9sident libanais, Michel Aoun, a m\u00e9pris\u00e9 le secr\u00e9taire d'\u00e9tat am\u00e9ricain Rex Tillerson et sa d\u00e9l\u00e9gation Le secr\u00e9taire d\u2019Etat am\u00e9ricain, Rex Tillerson, n\u2019a pas \u00e9t\u00e9 accueilli","protected":false},"author":2,"featured_media":0,"comment_status":"closed","ping_status":"open","sticky":false,"template":"","format":"standard","meta":[],"categories":[49],"tags":[],"_links":{"self":[{"href":"https:\/\/www.lejournalduforkane.com\/index.php\/wp-json\/wp\/v2\/posts\/19424"}],"collection":[{"href":"https:\/\/www.lejournalduforkane.com\/index.php\/wp-json\/wp\/v2\/posts"}],"about":[{"href":"https:\/\/www.lejournalduforkane.com\/index.php\/wp-json\/wp\/v2\/types\/post"}],"author":[{"embeddable":true,"href":"https:\/\/www.lejournalduforkane.com\/index.php\/wp-json\/wp\/v2\/users\/2"}],"replies":[{"embeddable":true,"href":"https:\/\/www.lejournalduforkane.com\/index.php\/wp-json\/wp\/v2\/comments?post=19424"}],"version-history":[{"count":1,"href":"https:\/\/www.lejournalduforkane.com\/index.php\/wp-json\/wp\/v2\/posts\/19424\/revisions"}],"predecessor-version":[{"id":19426,"href":"https:\/\/www.lejournalduforkane.com\/index.php\/wp-json\/wp\/v2\/posts\/19424\/revisions\/19426"}],"wp:attachment":[{"href":"https:\/\/www.lejournalduforkane.com\/index.php\/wp-json\/wp\/v2\/media?parent=19424"}],"wp:term":[{"taxonomy":"category","embeddable":true,"href":"https:\/\/www.lejournalduforkane.com\/index.php\/wp-json\/wp\/v2\/categories?post=19424"},{"taxonomy":"post_tag","embeddable":true,"href":"https:\/\/www.lejournalduforkane.com\/index.php\/wp-json\/wp\/v2\/tags?post=19424"}],"curies":[{"name":"wp","href":"https:\/\/api.w.org\/{rel}","templated":true}]}}