
{"id":19428,"date":"2018-02-19T21:05:16","date_gmt":"2018-02-19T21:05:16","guid":{"rendered":"https:\/\/www.lejournalduforkane.com\/?p=19428"},"modified":"2018-02-19T21:07:11","modified_gmt":"2018-02-19T21:07:11","slug":"au-yemen-plus-de-15-millions-de-personnes-a-travers-le-pays-nont-pas-acces-a-leau-potable","status":"publish","type":"post","link":"https:\/\/www.lejournalduforkane.com\/index.php\/au-yemen-plus-de-15-millions-de-personnes-a-travers-le-pays-nont-pas-acces-a-leau-potable\/","title":{"rendered":"Au Y\u00e9men, plus de 15 millions de personnes \u00e0 travers le pays n&rsquo;ont pas acc\u00e8s \u00e0 l&rsquo;eau potable."},"content":{"rendered":"<p><!--more--><br \/>\n<iframe loading=\"lazy\" src=\"\/\/rutube.ru\/play\/embed\/10949490\" width=\"620\" height=\"305\" frameborder=\"0\" allowfullscreen=\"allowfullscreen\"><\/iframe><\/p>\n","protected":false},"excerpt":{"rendered":"","protected":false},"author":2,"featured_media":0,"comment_status":"closed","ping_status":"open","sticky":false,"template":"","format":"standard","meta":[],"categories":[49],"tags":[],"_links":{"self":[{"href":"https:\/\/www.lejournalduforkane.com\/index.php\/wp-json\/wp\/v2\/posts\/19428"}],"collection":[{"href":"https:\/\/www.lejournalduforkane.com\/index.php\/wp-json\/wp\/v2\/posts"}],"about":[{"href":"https:\/\/www.lejournalduforkane.com\/index.php\/wp-json\/wp\/v2\/types\/post"}],"author":[{"embeddable":true,"href":"https:\/\/www.lejournalduforkane.com\/index.php\/wp-json\/wp\/v2\/users\/2"}],"replies":[{"embeddable":true,"href":"https:\/\/www.lejournalduforkane.com\/index.php\/wp-json\/wp\/v2\/comments?post=19428"}],"version-history":[{"count":3,"href":"https:\/\/www.lejournalduforkane.com\/index.php\/wp-json\/wp\/v2\/posts\/19428\/revisions"}],"predecessor-version":[{"id":19432,"href":"https:\/\/www.lejournalduforkane.com\/index.php\/wp-json\/wp\/v2\/posts\/19428\/revisions\/19432"}],"wp:attachment":[{"href":"https:\/\/www.lejournalduforkane.com\/index.php\/wp-json\/wp\/v2\/media?parent=19428"}],"wp:term":[{"taxonomy":"category","embeddable":true,"href":"https:\/\/www.lejournalduforkane.com\/index.php\/wp-json\/wp\/v2\/categories?post=19428"},{"taxonomy":"post_tag","embeddable":true,"href":"https:\/\/www.lejournalduforkane.com\/index.php\/wp-json\/wp\/v2\/tags?post=19428"}],"curies":[{"name":"wp","href":"https:\/\/api.w.org\/{rel}","templated":true}]}}