
{"id":19446,"date":"2018-02-21T19:46:47","date_gmt":"2018-02-21T19:46:47","guid":{"rendered":"https:\/\/www.lejournalduforkane.com\/?p=19446"},"modified":"2018-02-21T19:52:48","modified_gmt":"2018-02-21T19:52:48","slug":"video-une-organisation-de-medecins-suedois-accuse-les-casques-blancs-de-mettre-en-scene-des-attaques-chimiques-2","status":"publish","type":"post","link":"https:\/\/www.lejournalduforkane.com\/index.php\/video-une-organisation-de-medecins-suedois-accuse-les-casques-blancs-de-mettre-en-scene-des-attaques-chimiques-2\/","title":{"rendered":"[Vid\u00e9o] | Une organisation de m\u00e9decins su\u00e9dois accuse les Casques Blancs de mettre en sc\u00e8ne des attaques chimiques"},"content":{"rendered":"<p><!--more--><\/p>\n<p>Cette organisation est l\u2019organisation des m\u00e9decins su\u00e9dois pour les droits de l\u2019Homme.<\/p>\n<p>PARTAGEZ en masse !!! Ne fermons plus les yeux&#8230;<\/p>\n<div class=\"text_exposed_show\">\n<p>PS : Les Casques blancs ont pour objectif de faire croire au monde que Bachar Al Assad \u00ab massacre \u00bb son propre peuple<\/p>\n<\/div>\n<p><iframe loading=\"lazy\" src=\"\/\/rutube.ru\/play\/embed\/10953493\" width=\"720\" height=\"405\" frameborder=\"0\" allowfullscreen=\"allowfullscreen\"><\/iframe><\/p>\n","protected":false},"excerpt":{"rendered":"Cette organisation est l\u2019organisation des m\u00e9decins su\u00e9dois pour les droits de l\u2019Homme. PARTAGEZ en masse !!! Ne fermons plus les yeux... PS : Les Casques blancs ont pour objectif de","protected":false},"author":2,"featured_media":16024,"comment_status":"closed","ping_status":"open","sticky":false,"template":"","format":"standard","meta":[],"categories":[49],"tags":[],"_links":{"self":[{"href":"https:\/\/www.lejournalduforkane.com\/index.php\/wp-json\/wp\/v2\/posts\/19446"}],"collection":[{"href":"https:\/\/www.lejournalduforkane.com\/index.php\/wp-json\/wp\/v2\/posts"}],"about":[{"href":"https:\/\/www.lejournalduforkane.com\/index.php\/wp-json\/wp\/v2\/types\/post"}],"author":[{"embeddable":true,"href":"https:\/\/www.lejournalduforkane.com\/index.php\/wp-json\/wp\/v2\/users\/2"}],"replies":[{"embeddable":true,"href":"https:\/\/www.lejournalduforkane.com\/index.php\/wp-json\/wp\/v2\/comments?post=19446"}],"version-history":[{"count":1,"href":"https:\/\/www.lejournalduforkane.com\/index.php\/wp-json\/wp\/v2\/posts\/19446\/revisions"}],"predecessor-version":[{"id":19447,"href":"https:\/\/www.lejournalduforkane.com\/index.php\/wp-json\/wp\/v2\/posts\/19446\/revisions\/19447"}],"wp:featuredmedia":[{"embeddable":true,"href":"https:\/\/www.lejournalduforkane.com\/index.php\/wp-json\/wp\/v2\/media\/16024"}],"wp:attachment":[{"href":"https:\/\/www.lejournalduforkane.com\/index.php\/wp-json\/wp\/v2\/media?parent=19446"}],"wp:term":[{"taxonomy":"category","embeddable":true,"href":"https:\/\/www.lejournalduforkane.com\/index.php\/wp-json\/wp\/v2\/categories?post=19446"},{"taxonomy":"post_tag","embeddable":true,"href":"https:\/\/www.lejournalduforkane.com\/index.php\/wp-json\/wp\/v2\/tags?post=19446"}],"curies":[{"name":"wp","href":"https:\/\/api.w.org\/{rel}","templated":true}]}}