
{"id":19466,"date":"2018-02-24T07:45:05","date_gmt":"2018-02-24T07:45:05","guid":{"rendered":"https:\/\/www.lejournalduforkane.com\/?p=19466"},"modified":"2018-02-25T07:50:35","modified_gmt":"2018-02-25T07:50:35","slug":"cest-la-ghouta-et-cest-ainsi-que-les-terroristes-takfiri-ont-utilise-les-freres-et-soeurs-musulmans-kidnappes-comme-boucliers-humains","status":"publish","type":"post","link":"https:\/\/www.lejournalduforkane.com\/index.php\/cest-la-ghouta-et-cest-ainsi-que-les-terroristes-takfiri-ont-utilise-les-freres-et-soeurs-musulmans-kidnappes-comme-boucliers-humains\/","title":{"rendered":"C&rsquo;est la Ghouta, et c&rsquo;est ainsi que les terroristes takfiri ont utilis\u00e9 les fr\u00e8res et s\u0153urs musulmans kidnapp\u00e9s comme boucliers humains !"},"content":{"rendered":"<p><!--more--><\/p>\n<p>C&rsquo;est ainsi que le gouvernement am\u00e9ricaine et les puissances occidentales soutiennent ces terroristes et les arment.<\/p>\n<p><iframe loading=\"lazy\" src=\"\/\/rutube.ru\/play\/embed\/10960146\" width=\"620\" height=\"305\" frameborder=\"0\" allowfullscreen=\"allowfullscreen\"><\/iframe><\/p>\n","protected":false},"excerpt":{"rendered":"C'est ainsi que le gouvernement am\u00e9ricaine et les puissances occidentales soutiennent ces terroristes et les arment.","protected":false},"author":2,"featured_media":0,"comment_status":"closed","ping_status":"open","sticky":false,"template":"","format":"standard","meta":[],"categories":[49],"tags":[],"_links":{"self":[{"href":"https:\/\/www.lejournalduforkane.com\/index.php\/wp-json\/wp\/v2\/posts\/19466"}],"collection":[{"href":"https:\/\/www.lejournalduforkane.com\/index.php\/wp-json\/wp\/v2\/posts"}],"about":[{"href":"https:\/\/www.lejournalduforkane.com\/index.php\/wp-json\/wp\/v2\/types\/post"}],"author":[{"embeddable":true,"href":"https:\/\/www.lejournalduforkane.com\/index.php\/wp-json\/wp\/v2\/users\/2"}],"replies":[{"embeddable":true,"href":"https:\/\/www.lejournalduforkane.com\/index.php\/wp-json\/wp\/v2\/comments?post=19466"}],"version-history":[{"count":1,"href":"https:\/\/www.lejournalduforkane.com\/index.php\/wp-json\/wp\/v2\/posts\/19466\/revisions"}],"predecessor-version":[{"id":19468,"href":"https:\/\/www.lejournalduforkane.com\/index.php\/wp-json\/wp\/v2\/posts\/19466\/revisions\/19468"}],"wp:attachment":[{"href":"https:\/\/www.lejournalduforkane.com\/index.php\/wp-json\/wp\/v2\/media?parent=19466"}],"wp:term":[{"taxonomy":"category","embeddable":true,"href":"https:\/\/www.lejournalduforkane.com\/index.php\/wp-json\/wp\/v2\/categories?post=19466"},{"taxonomy":"post_tag","embeddable":true,"href":"https:\/\/www.lejournalduforkane.com\/index.php\/wp-json\/wp\/v2\/tags?post=19466"}],"curies":[{"name":"wp","href":"https:\/\/api.w.org\/{rel}","templated":true}]}}