
{"id":19490,"date":"2018-02-28T19:48:16","date_gmt":"2018-02-28T19:48:16","guid":{"rendered":"https:\/\/www.lejournalduforkane.com\/?p=19490"},"modified":"2018-02-28T19:48:16","modified_gmt":"2018-02-28T19:48:16","slug":"les-terroristes-de-lest-de-la-ghouta-ont-essaye-dabattre-un-avion-civil-avec-120-passagers-a-bord-alors-quil-etait-pret-a-decoller-de-laeroport-de-damas","status":"publish","type":"post","link":"https:\/\/www.lejournalduforkane.com\/index.php\/les-terroristes-de-lest-de-la-ghouta-ont-essaye-dabattre-un-avion-civil-avec-120-passagers-a-bord-alors-quil-etait-pret-a-decoller-de-laeroport-de-damas\/","title":{"rendered":"Les terroristes de l&rsquo;Est de la Ghouta ont essay\u00e9 d&rsquo;abattre un avion civil avec 120 passagers \u00e0 bord alors qu&rsquo;il \u00e9tait pr\u00eat \u00e0 d\u00e9coller de l&rsquo;a\u00e9roport de Damas"},"content":{"rendered":"<p style=\"text-align: justify;\"><!--more--><\/p>\n<p style=\"text-align: justify;\">Les terroristes de l&rsquo;Est de la Ghouta ont essay\u00e9 d&rsquo;abattre un avion civil avec 120 passagers \u00e0 bord alors qu&rsquo;il \u00e9tait pr\u00eat \u00e0 d\u00e9coller de l&rsquo;a\u00e9roport de Damas<\/p>\n<p style=\"text-align: justify;\">Y a-t-il un pays dans le monde qui accepterait cette farce dans sa capitale pour un jour ?<br \/>\nQu&rsquo;en est-il d&rsquo;un pays qui vit avec \u00e7a depuis plus de 7 ans ?<\/p>\n<p style=\"text-align: justify;\">\n<p><iframe loading=\"lazy\" width=\"620\" height=\"305\" src=\"\/\/rutube.ru\/play\/embed\/10968668\" frameborder=\"0\" webkitAllowFullScreen mozallowfullscreen allowfullscreen><\/iframe><\/p>\n","protected":false},"excerpt":{"rendered":"Les terroristes de l'Est de la Ghouta ont essay\u00e9 d'abattre un avion civil avec 120 passagers \u00e0 bord alors qu'il \u00e9tait pr\u00eat \u00e0 d\u00e9coller de l'a\u00e9roport de Damas Y a-t-il","protected":false},"author":2,"featured_media":0,"comment_status":"closed","ping_status":"open","sticky":false,"template":"","format":"standard","meta":[],"categories":[49],"tags":[],"_links":{"self":[{"href":"https:\/\/www.lejournalduforkane.com\/index.php\/wp-json\/wp\/v2\/posts\/19490"}],"collection":[{"href":"https:\/\/www.lejournalduforkane.com\/index.php\/wp-json\/wp\/v2\/posts"}],"about":[{"href":"https:\/\/www.lejournalduforkane.com\/index.php\/wp-json\/wp\/v2\/types\/post"}],"author":[{"embeddable":true,"href":"https:\/\/www.lejournalduforkane.com\/index.php\/wp-json\/wp\/v2\/users\/2"}],"replies":[{"embeddable":true,"href":"https:\/\/www.lejournalduforkane.com\/index.php\/wp-json\/wp\/v2\/comments?post=19490"}],"version-history":[{"count":1,"href":"https:\/\/www.lejournalduforkane.com\/index.php\/wp-json\/wp\/v2\/posts\/19490\/revisions"}],"predecessor-version":[{"id":19492,"href":"https:\/\/www.lejournalduforkane.com\/index.php\/wp-json\/wp\/v2\/posts\/19490\/revisions\/19492"}],"wp:attachment":[{"href":"https:\/\/www.lejournalduforkane.com\/index.php\/wp-json\/wp\/v2\/media?parent=19490"}],"wp:term":[{"taxonomy":"category","embeddable":true,"href":"https:\/\/www.lejournalduforkane.com\/index.php\/wp-json\/wp\/v2\/categories?post=19490"},{"taxonomy":"post_tag","embeddable":true,"href":"https:\/\/www.lejournalduforkane.com\/index.php\/wp-json\/wp\/v2\/tags?post=19490"}],"curies":[{"name":"wp","href":"https:\/\/api.w.org\/{rel}","templated":true}]}}