
{"id":19493,"date":"2018-02-28T19:51:01","date_gmt":"2018-02-28T19:51:01","guid":{"rendered":"https:\/\/www.lejournalduforkane.com\/?p=19493"},"modified":"2018-02-28T19:54:21","modified_gmt":"2018-02-28T19:54:21","slug":"lavrov-les-usa-entendent-diviser-le-territoire-syrien","status":"publish","type":"post","link":"https:\/\/www.lejournalduforkane.com\/index.php\/lavrov-les-usa-entendent-diviser-le-territoire-syrien\/","title":{"rendered":"[Vid\u00e9o] | Lavrov : les USA entendent diviser le territoire syrien"},"content":{"rendered":"<p><!--more--><\/p>\n<p>Lors d&rsquo;une conf\u00e9rence de presse, le ministre russe des affaires \u00e9trang\u00e8res Sergue\u00ef Lavrov a r\u00e9pondu aux questions sur la situation en Syrie en affirmant que les Am\u00e9ricains souhaitaient diviser le pays et constituer un \u00abquasi-Etat\u00bb.<\/p>\n<p><iframe loading=\"lazy\" width=\"620\" height=\"305\" src=\"\/\/rutube.ru\/play\/embed\/10968675\" frameborder=\"0\" webkitAllowFullScreen mozallowfullscreen allowfullscreen><\/iframe><\/p>\n","protected":false},"excerpt":{"rendered":"Lors d'une conf\u00e9rence de presse, le ministre russe des affaires \u00e9trang\u00e8res Sergue\u00ef Lavrov a r\u00e9pondu aux questions sur la situation en Syrie en affirmant que les Am\u00e9ricains souhaitaient diviser le","protected":false},"author":2,"featured_media":19494,"comment_status":"closed","ping_status":"open","sticky":false,"template":"","format":"standard","meta":[],"categories":[49],"tags":[],"_links":{"self":[{"href":"https:\/\/www.lejournalduforkane.com\/index.php\/wp-json\/wp\/v2\/posts\/19493"}],"collection":[{"href":"https:\/\/www.lejournalduforkane.com\/index.php\/wp-json\/wp\/v2\/posts"}],"about":[{"href":"https:\/\/www.lejournalduforkane.com\/index.php\/wp-json\/wp\/v2\/types\/post"}],"author":[{"embeddable":true,"href":"https:\/\/www.lejournalduforkane.com\/index.php\/wp-json\/wp\/v2\/users\/2"}],"replies":[{"embeddable":true,"href":"https:\/\/www.lejournalduforkane.com\/index.php\/wp-json\/wp\/v2\/comments?post=19493"}],"version-history":[{"count":1,"href":"https:\/\/www.lejournalduforkane.com\/index.php\/wp-json\/wp\/v2\/posts\/19493\/revisions"}],"predecessor-version":[{"id":19495,"href":"https:\/\/www.lejournalduforkane.com\/index.php\/wp-json\/wp\/v2\/posts\/19493\/revisions\/19495"}],"wp:featuredmedia":[{"embeddable":true,"href":"https:\/\/www.lejournalduforkane.com\/index.php\/wp-json\/wp\/v2\/media\/19494"}],"wp:attachment":[{"href":"https:\/\/www.lejournalduforkane.com\/index.php\/wp-json\/wp\/v2\/media?parent=19493"}],"wp:term":[{"taxonomy":"category","embeddable":true,"href":"https:\/\/www.lejournalduforkane.com\/index.php\/wp-json\/wp\/v2\/categories?post=19493"},{"taxonomy":"post_tag","embeddable":true,"href":"https:\/\/www.lejournalduforkane.com\/index.php\/wp-json\/wp\/v2\/tags?post=19493"}],"curies":[{"name":"wp","href":"https:\/\/api.w.org\/{rel}","templated":true}]}}