
{"id":19499,"date":"2018-02-28T20:03:34","date_gmt":"2018-02-28T20:03:34","guid":{"rendered":"https:\/\/www.lejournalduforkane.com\/?p=19499"},"modified":"2018-02-28T20:03:34","modified_gmt":"2018-02-28T20:03:34","slug":"video-la-france-doit-elle-continuer-a-vendre-des-armes-aux-pays-qui-bombardent-des-populations-civiles-comme-au-yemen","status":"publish","type":"post","link":"https:\/\/www.lejournalduforkane.com\/index.php\/video-la-france-doit-elle-continuer-a-vendre-des-armes-aux-pays-qui-bombardent-des-populations-civiles-comme-au-yemen\/","title":{"rendered":"[Vid\u00e9o] | La France doit-elle continuer \u00e0 vendre des armes aux pays qui bombardent des populations civiles comme au Y\u00e9men ?"},"content":{"rendered":"<p><!--more--><\/p>\n<p> R\u00e9ponse de la ministre fran\u00e7aise des Arm\u00e9es. Sa \u00ab\u00a0r\u00e9ponse\u00a0\u00bb<\/p>\n<p><iframe loading=\"lazy\" width=\"620\" height=\"305\" src=\"\/\/rutube.ru\/play\/embed\/10968707\" frameborder=\"0\" webkitAllowFullScreen mozallowfullscreen allowfullscreen><\/iframe><\/p>\n","protected":false},"excerpt":{"rendered":"R\u00e9ponse de la ministre fran\u00e7aise des Arm\u00e9es. Sa \"r\u00e9ponse\"","protected":false},"author":2,"featured_media":0,"comment_status":"closed","ping_status":"open","sticky":false,"template":"","format":"standard","meta":[],"categories":[49],"tags":[],"_links":{"self":[{"href":"https:\/\/www.lejournalduforkane.com\/index.php\/wp-json\/wp\/v2\/posts\/19499"}],"collection":[{"href":"https:\/\/www.lejournalduforkane.com\/index.php\/wp-json\/wp\/v2\/posts"}],"about":[{"href":"https:\/\/www.lejournalduforkane.com\/index.php\/wp-json\/wp\/v2\/types\/post"}],"author":[{"embeddable":true,"href":"https:\/\/www.lejournalduforkane.com\/index.php\/wp-json\/wp\/v2\/users\/2"}],"replies":[{"embeddable":true,"href":"https:\/\/www.lejournalduforkane.com\/index.php\/wp-json\/wp\/v2\/comments?post=19499"}],"version-history":[{"count":1,"href":"https:\/\/www.lejournalduforkane.com\/index.php\/wp-json\/wp\/v2\/posts\/19499\/revisions"}],"predecessor-version":[{"id":19501,"href":"https:\/\/www.lejournalduforkane.com\/index.php\/wp-json\/wp\/v2\/posts\/19499\/revisions\/19501"}],"wp:attachment":[{"href":"https:\/\/www.lejournalduforkane.com\/index.php\/wp-json\/wp\/v2\/media?parent=19499"}],"wp:term":[{"taxonomy":"category","embeddable":true,"href":"https:\/\/www.lejournalduforkane.com\/index.php\/wp-json\/wp\/v2\/categories?post=19499"},{"taxonomy":"post_tag","embeddable":true,"href":"https:\/\/www.lejournalduforkane.com\/index.php\/wp-json\/wp\/v2\/tags?post=19499"}],"curies":[{"name":"wp","href":"https:\/\/api.w.org\/{rel}","templated":true}]}}