
{"id":19502,"date":"2018-02-28T20:05:56","date_gmt":"2018-02-28T20:05:56","guid":{"rendered":"https:\/\/www.lejournalduforkane.com\/?p=19502"},"modified":"2018-02-28T20:05:56","modified_gmt":"2018-02-28T20:05:56","slug":"lavrov-larmee-us-entraine-des-etats-europeens-a-utiliser-des-armes-nucleaires-contre-la-russie","status":"publish","type":"post","link":"https:\/\/www.lejournalduforkane.com\/index.php\/lavrov-larmee-us-entraine-des-etats-europeens-a-utiliser-des-armes-nucleaires-contre-la-russie\/","title":{"rendered":"Lavrov : \u00abL&rsquo;arm\u00e9e US entra\u00eene des Etats europ\u00e9ens \u00e0 utiliser des armes nucl\u00e9aires contre la Russie\u00bb"},"content":{"rendered":"<p><!--more--><\/p>\n<p>C&rsquo;est ce qu&rsquo;a d\u00e9clar\u00e9 Sergue\u00ef Lavrov lors de la conf\u00e9rence sur le d\u00e9sarmement \u00e0 Gen\u00e8ve.<\/p>\n<div style=\"width: 600px;\" class=\"wp-video\"><!--[if lt IE 9]><script>document.createElement('video');<\/script><![endif]-->\n<video class=\"wp-video-shortcode\" id=\"video-19502-1\" width=\"600\" height=\"324\" preload=\"metadata\" controls=\"controls\"><source type=\"video\/mp4\" src=\"https:\/\/www.lejournalduforkane.com\/wp-content\/uploads\/2018\/02\/28519625_1435636836564396_2498470445603356672_n.mp4?_=1\" \/><a href=\"https:\/\/www.lejournalduforkane.com\/wp-content\/uploads\/2018\/02\/28519625_1435636836564396_2498470445603356672_n.mp4\">https:\/\/www.lejournalduforkane.com\/wp-content\/uploads\/2018\/02\/28519625_1435636836564396_2498470445603356672_n.mp4<\/a><\/video><\/div>\n","protected":false},"excerpt":{"rendered":"C'est ce qu'a d\u00e9clar\u00e9 Sergue\u00ef Lavrov lors de la conf\u00e9rence sur le d\u00e9sarmement \u00e0 Gen\u00e8ve. [video width=\"600\" height=\"324\" mp4=\"https:\/\/www.lejournalduforkane.com\/wp-content\/uploads\/2018\/02\/28519625_1435636836564396_2498470445603356672_n.mp4\"][\/video]","protected":false},"author":2,"featured_media":0,"comment_status":"closed","ping_status":"open","sticky":false,"template":"","format":"standard","meta":[],"categories":[49],"tags":[],"_links":{"self":[{"href":"https:\/\/www.lejournalduforkane.com\/index.php\/wp-json\/wp\/v2\/posts\/19502"}],"collection":[{"href":"https:\/\/www.lejournalduforkane.com\/index.php\/wp-json\/wp\/v2\/posts"}],"about":[{"href":"https:\/\/www.lejournalduforkane.com\/index.php\/wp-json\/wp\/v2\/types\/post"}],"author":[{"embeddable":true,"href":"https:\/\/www.lejournalduforkane.com\/index.php\/wp-json\/wp\/v2\/users\/2"}],"replies":[{"embeddable":true,"href":"https:\/\/www.lejournalduforkane.com\/index.php\/wp-json\/wp\/v2\/comments?post=19502"}],"version-history":[{"count":1,"href":"https:\/\/www.lejournalduforkane.com\/index.php\/wp-json\/wp\/v2\/posts\/19502\/revisions"}],"predecessor-version":[{"id":19505,"href":"https:\/\/www.lejournalduforkane.com\/index.php\/wp-json\/wp\/v2\/posts\/19502\/revisions\/19505"}],"wp:attachment":[{"href":"https:\/\/www.lejournalduforkane.com\/index.php\/wp-json\/wp\/v2\/media?parent=19502"}],"wp:term":[{"taxonomy":"category","embeddable":true,"href":"https:\/\/www.lejournalduforkane.com\/index.php\/wp-json\/wp\/v2\/categories?post=19502"},{"taxonomy":"post_tag","embeddable":true,"href":"https:\/\/www.lejournalduforkane.com\/index.php\/wp-json\/wp\/v2\/tags?post=19502"}],"curies":[{"name":"wp","href":"https:\/\/api.w.org\/{rel}","templated":true}]}}