
{"id":19516,"date":"2018-03-02T18:11:34","date_gmt":"2018-03-02T18:11:34","guid":{"rendered":"https:\/\/www.lejournalduforkane.com\/?p=19516"},"modified":"2018-03-02T18:12:19","modified_gmt":"2018-03-02T18:12:19","slug":"regardez-les-visages-de-la-peur-de-ces-petits-enfants-quand-leurs-ecoles-sont-bombardees","status":"publish","type":"post","link":"https:\/\/www.lejournalduforkane.com\/index.php\/regardez-les-visages-de-la-peur-de-ces-petits-enfants-quand-leurs-ecoles-sont-bombardees\/","title":{"rendered":"Regardez les visages de la peur de ces petits enfants quand leurs \u00e9coles sont bombard\u00e9es"},"content":{"rendered":"<p><!--more--><\/p>\n<p>Vous ne pourrez pas dormir si vous regardez cette vid\u00e9o du Y\u00e9men<\/p>\n<p>Qu&rsquo;est-il arriv\u00e9 \u00e0 notre humanit\u00e9 ?<\/p>\n<p><iframe loading=\"lazy\" width=\"620\" height=\"305\" src=\"\/\/rutube.ru\/play\/embed\/10973105\" frameborder=\"0\" webkitAllowFullScreen mozallowfullscreen allowfullscreen><\/iframe><\/p>\n","protected":false},"excerpt":{"rendered":"Vous ne pourrez pas dormir si vous regardez cette vid\u00e9o du Y\u00e9men Qu'est-il arriv\u00e9 \u00e0 notre humanit\u00e9 ?","protected":false},"author":2,"featured_media":19517,"comment_status":"closed","ping_status":"open","sticky":false,"template":"","format":"standard","meta":[],"categories":[49],"tags":[],"_links":{"self":[{"href":"https:\/\/www.lejournalduforkane.com\/index.php\/wp-json\/wp\/v2\/posts\/19516"}],"collection":[{"href":"https:\/\/www.lejournalduforkane.com\/index.php\/wp-json\/wp\/v2\/posts"}],"about":[{"href":"https:\/\/www.lejournalduforkane.com\/index.php\/wp-json\/wp\/v2\/types\/post"}],"author":[{"embeddable":true,"href":"https:\/\/www.lejournalduforkane.com\/index.php\/wp-json\/wp\/v2\/users\/2"}],"replies":[{"embeddable":true,"href":"https:\/\/www.lejournalduforkane.com\/index.php\/wp-json\/wp\/v2\/comments?post=19516"}],"version-history":[{"count":1,"href":"https:\/\/www.lejournalduforkane.com\/index.php\/wp-json\/wp\/v2\/posts\/19516\/revisions"}],"predecessor-version":[{"id":19518,"href":"https:\/\/www.lejournalduforkane.com\/index.php\/wp-json\/wp\/v2\/posts\/19516\/revisions\/19518"}],"wp:featuredmedia":[{"embeddable":true,"href":"https:\/\/www.lejournalduforkane.com\/index.php\/wp-json\/wp\/v2\/media\/19517"}],"wp:attachment":[{"href":"https:\/\/www.lejournalduforkane.com\/index.php\/wp-json\/wp\/v2\/media?parent=19516"}],"wp:term":[{"taxonomy":"category","embeddable":true,"href":"https:\/\/www.lejournalduforkane.com\/index.php\/wp-json\/wp\/v2\/categories?post=19516"},{"taxonomy":"post_tag","embeddable":true,"href":"https:\/\/www.lejournalduforkane.com\/index.php\/wp-json\/wp\/v2\/tags?post=19516"}],"curies":[{"name":"wp","href":"https:\/\/api.w.org\/{rel}","templated":true}]}}