
{"id":19527,"date":"2018-03-03T19:10:23","date_gmt":"2018-03-03T19:10:23","guid":{"rendered":"https:\/\/www.lejournalduforkane.com\/?p=19527"},"modified":"2018-03-03T19:10:23","modified_gmt":"2018-03-03T19:10:23","slug":"regardez-les-soldats-de-loccupation-ont-tires-une-grenade-paralysante-vers-un-couple-de-palestinien-avec-leur-bebe-dans-le-village-de-burin-au-sud-de-naplouse-aujourdhui","status":"publish","type":"post","link":"https:\/\/www.lejournalduforkane.com\/index.php\/regardez-les-soldats-de-loccupation-ont-tires-une-grenade-paralysante-vers-un-couple-de-palestinien-avec-leur-bebe-dans-le-village-de-burin-au-sud-de-naplouse-aujourdhui\/","title":{"rendered":"Regardez Les soldats de l&rsquo;occupation ont tir\u00e9s une grenade paralysante vers un couple de Palestinien avec leur b\u00e9b\u00e9 dans le village de Burin, au sud de Naplouse, aujourd&rsquo;hui."},"content":{"rendered":"<p><!--more--><\/p>\n<p>Regardez Les soldats de l&rsquo;occupation ont tir\u00e9s une grenade paralysante vers un couple de Palestinien avec leur b\u00e9b\u00e9 dans le village de Burin, au sud de Naplouse, aujourd&rsquo;hui.<\/p>\n<p><iframe loading=\"lazy\" width=\"620\" height=\"305\" src=\"\/\/rutube.ru\/play\/embed\/10975420\" frameborder=\"0\" webkitAllowFullScreen mozallowfullscreen allowfullscreen><\/iframe><\/p>\n","protected":false},"excerpt":{"rendered":"Regardez Les soldats de l'occupation ont tir\u00e9s une grenade paralysante vers un couple de Palestinien avec leur b\u00e9b\u00e9 dans le village de Burin, au sud de Naplouse, aujourd'hui.","protected":false},"author":2,"featured_media":0,"comment_status":"closed","ping_status":"open","sticky":false,"template":"","format":"standard","meta":[],"categories":[49],"tags":[],"_links":{"self":[{"href":"https:\/\/www.lejournalduforkane.com\/index.php\/wp-json\/wp\/v2\/posts\/19527"}],"collection":[{"href":"https:\/\/www.lejournalduforkane.com\/index.php\/wp-json\/wp\/v2\/posts"}],"about":[{"href":"https:\/\/www.lejournalduforkane.com\/index.php\/wp-json\/wp\/v2\/types\/post"}],"author":[{"embeddable":true,"href":"https:\/\/www.lejournalduforkane.com\/index.php\/wp-json\/wp\/v2\/users\/2"}],"replies":[{"embeddable":true,"href":"https:\/\/www.lejournalduforkane.com\/index.php\/wp-json\/wp\/v2\/comments?post=19527"}],"version-history":[{"count":1,"href":"https:\/\/www.lejournalduforkane.com\/index.php\/wp-json\/wp\/v2\/posts\/19527\/revisions"}],"predecessor-version":[{"id":19532,"href":"https:\/\/www.lejournalduforkane.com\/index.php\/wp-json\/wp\/v2\/posts\/19527\/revisions\/19532"}],"wp:attachment":[{"href":"https:\/\/www.lejournalduforkane.com\/index.php\/wp-json\/wp\/v2\/media?parent=19527"}],"wp:term":[{"taxonomy":"category","embeddable":true,"href":"https:\/\/www.lejournalduforkane.com\/index.php\/wp-json\/wp\/v2\/categories?post=19527"},{"taxonomy":"post_tag","embeddable":true,"href":"https:\/\/www.lejournalduforkane.com\/index.php\/wp-json\/wp\/v2\/tags?post=19527"}],"curies":[{"name":"wp","href":"https:\/\/api.w.org\/{rel}","templated":true}]}}