
{"id":19545,"date":"2018-03-04T17:09:26","date_gmt":"2018-03-04T17:09:26","guid":{"rendered":"https:\/\/www.lejournalduforkane.com\/?p=19545"},"modified":"2018-03-04T17:09:26","modified_gmt":"2018-03-04T17:09:26","slug":"poutine-vante-la-puissance-militaire-russe-face-a-loccident","status":"publish","type":"post","link":"https:\/\/www.lejournalduforkane.com\/index.php\/poutine-vante-la-puissance-militaire-russe-face-a-loccident\/","title":{"rendered":"Poutine vante la puissance militaire russe face \u00e0 l&rsquo;Occident"},"content":{"rendered":"<p><!--more--><\/p>\n<p>\u00abEcoutez-nous maintenant\u00bb : Poutine vante la puissance militaire russe face \u00e0 l&rsquo;Occident<\/p>\n<p>Vladimir Poutine a fait \u00e9tat des avanc\u00e9es russes en mati\u00e8re d&rsquo;armement dans un discours devant le Parlement, envoyant un message clair \u00e0 l&rsquo;adresse de Washington : il est temps de consid\u00e9rer Moscou comme un partenaire d&rsquo;\u00e9gal \u00e0 \u00e9gal<\/p>\n<p><iframe loading=\"lazy\" src=\"\/\/rutube.ru\/play\/embed\/10977312\" width=\"620\" height=\"305\" frameborder=\"0\" allowfullscreen=\"allowfullscreen\"><\/iframe><\/p>\n","protected":false},"excerpt":{"rendered":"\u00abEcoutez-nous maintenant\u00bb : Poutine vante la puissance militaire russe face \u00e0 l'Occident Vladimir Poutine a fait \u00e9tat des avanc\u00e9es russes en mati\u00e8re d'armement dans un discours devant le Parlement, envoyant","protected":false},"author":2,"featured_media":0,"comment_status":"closed","ping_status":"open","sticky":false,"template":"","format":"standard","meta":[],"categories":[49],"tags":[],"_links":{"self":[{"href":"https:\/\/www.lejournalduforkane.com\/index.php\/wp-json\/wp\/v2\/posts\/19545"}],"collection":[{"href":"https:\/\/www.lejournalduforkane.com\/index.php\/wp-json\/wp\/v2\/posts"}],"about":[{"href":"https:\/\/www.lejournalduforkane.com\/index.php\/wp-json\/wp\/v2\/types\/post"}],"author":[{"embeddable":true,"href":"https:\/\/www.lejournalduforkane.com\/index.php\/wp-json\/wp\/v2\/users\/2"}],"replies":[{"embeddable":true,"href":"https:\/\/www.lejournalduforkane.com\/index.php\/wp-json\/wp\/v2\/comments?post=19545"}],"version-history":[{"count":2,"href":"https:\/\/www.lejournalduforkane.com\/index.php\/wp-json\/wp\/v2\/posts\/19545\/revisions"}],"predecessor-version":[{"id":19548,"href":"https:\/\/www.lejournalduforkane.com\/index.php\/wp-json\/wp\/v2\/posts\/19545\/revisions\/19548"}],"wp:attachment":[{"href":"https:\/\/www.lejournalduforkane.com\/index.php\/wp-json\/wp\/v2\/media?parent=19545"}],"wp:term":[{"taxonomy":"category","embeddable":true,"href":"https:\/\/www.lejournalduforkane.com\/index.php\/wp-json\/wp\/v2\/categories?post=19545"},{"taxonomy":"post_tag","embeddable":true,"href":"https:\/\/www.lejournalduforkane.com\/index.php\/wp-json\/wp\/v2\/tags?post=19545"}],"curies":[{"name":"wp","href":"https:\/\/api.w.org\/{rel}","templated":true}]}}