
{"id":19565,"date":"2018-03-06T19:19:43","date_gmt":"2018-03-06T19:19:43","guid":{"rendered":"https:\/\/www.lejournalduforkane.com\/?p=19565"},"modified":"2018-03-06T19:19:43","modified_gmt":"2018-03-06T19:19:43","slug":"des-terroristes-de-daesh-arretes-par-le-fsb-au-daguestan","status":"publish","type":"post","link":"https:\/\/www.lejournalduforkane.com\/index.php\/des-terroristes-de-daesh-arretes-par-le-fsb-au-daguestan\/","title":{"rendered":"Des terroristes de Daesh arr\u00eat\u00e9s par le FSB au Daguestan"},"content":{"rendered":"<p><!--more--><\/p>\n<p>Le service f\u00e9d\u00e9ral de s\u00e9curit\u00e9 de Russie a arr\u00eat\u00e9 5 terroristes d&rsquo;une cellule de Daesh qui avaient recrut\u00e9 des habitants radicalis\u00e9s au Daguestan et organis\u00e9 leur transport vers la Syrie.<\/p>\n<p><iframe loading=\"lazy\" src=\"\/\/rutube.ru\/play\/embed\/10982276\" width=\"720\" height=\"405\" frameborder=\"0\" allowfullscreen=\"allowfullscreen\"><\/iframe><\/p>\n","protected":false},"excerpt":{"rendered":"Le service f\u00e9d\u00e9ral de s\u00e9curit\u00e9 de Russie a arr\u00eat\u00e9 5 terroristes d'une cellule de Daesh qui avaient recrut\u00e9 des habitants radicalis\u00e9s au Daguestan et organis\u00e9 leur transport vers la Syrie.","protected":false},"author":2,"featured_media":0,"comment_status":"closed","ping_status":"open","sticky":false,"template":"","format":"standard","meta":[],"categories":[49],"tags":[],"_links":{"self":[{"href":"https:\/\/www.lejournalduforkane.com\/index.php\/wp-json\/wp\/v2\/posts\/19565"}],"collection":[{"href":"https:\/\/www.lejournalduforkane.com\/index.php\/wp-json\/wp\/v2\/posts"}],"about":[{"href":"https:\/\/www.lejournalduforkane.com\/index.php\/wp-json\/wp\/v2\/types\/post"}],"author":[{"embeddable":true,"href":"https:\/\/www.lejournalduforkane.com\/index.php\/wp-json\/wp\/v2\/users\/2"}],"replies":[{"embeddable":true,"href":"https:\/\/www.lejournalduforkane.com\/index.php\/wp-json\/wp\/v2\/comments?post=19565"}],"version-history":[{"count":1,"href":"https:\/\/www.lejournalduforkane.com\/index.php\/wp-json\/wp\/v2\/posts\/19565\/revisions"}],"predecessor-version":[{"id":19567,"href":"https:\/\/www.lejournalduforkane.com\/index.php\/wp-json\/wp\/v2\/posts\/19565\/revisions\/19567"}],"wp:attachment":[{"href":"https:\/\/www.lejournalduforkane.com\/index.php\/wp-json\/wp\/v2\/media?parent=19565"}],"wp:term":[{"taxonomy":"category","embeddable":true,"href":"https:\/\/www.lejournalduforkane.com\/index.php\/wp-json\/wp\/v2\/categories?post=19565"},{"taxonomy":"post_tag","embeddable":true,"href":"https:\/\/www.lejournalduforkane.com\/index.php\/wp-json\/wp\/v2\/tags?post=19565"}],"curies":[{"name":"wp","href":"https:\/\/api.w.org\/{rel}","templated":true}]}}