
{"id":19568,"date":"2018-03-06T19:32:41","date_gmt":"2018-03-06T19:32:41","guid":{"rendered":"https:\/\/www.lejournalduforkane.com\/?p=19568"},"modified":"2018-03-06T19:32:41","modified_gmt":"2018-03-06T19:32:41","slug":"2-mosquees-ont-ete-attaquees-des-boutiques-et-des-maisons-musulmanes-ont-ete-brulees-par-la-mafia-extremiste-bouddhiste-a-kandy-sri-lanka","status":"publish","type":"post","link":"https:\/\/www.lejournalduforkane.com\/index.php\/2-mosquees-ont-ete-attaquees-des-boutiques-et-des-maisons-musulmanes-ont-ete-brulees-par-la-mafia-extremiste-bouddhiste-a-kandy-sri-lanka\/","title":{"rendered":"2 mosqu\u00e9es ont \u00e9t\u00e9 attaqu\u00e9es, des boutiques et des maisons musulmanes ont \u00e9t\u00e9 br\u00fbl\u00e9es par la mafia extr\u00e9miste bouddhiste \u00e0 Kandy, Sri lanka."},"content":{"rendered":"<p><!--more--><\/p>\n<p><iframe loading=\"lazy\" width=\"620\" height=\"305\" src=\"\/\/rutube.ru\/play\/embed\/10982300\" frameborder=\"0\" webkitAllowFullScreen mozallowfullscreen allowfullscreen><\/iframe><\/p>\n","protected":false},"excerpt":{"rendered":"","protected":false},"author":2,"featured_media":0,"comment_status":"closed","ping_status":"open","sticky":false,"template":"","format":"standard","meta":[],"categories":[49],"tags":[],"_links":{"self":[{"href":"https:\/\/www.lejournalduforkane.com\/index.php\/wp-json\/wp\/v2\/posts\/19568"}],"collection":[{"href":"https:\/\/www.lejournalduforkane.com\/index.php\/wp-json\/wp\/v2\/posts"}],"about":[{"href":"https:\/\/www.lejournalduforkane.com\/index.php\/wp-json\/wp\/v2\/types\/post"}],"author":[{"embeddable":true,"href":"https:\/\/www.lejournalduforkane.com\/index.php\/wp-json\/wp\/v2\/users\/2"}],"replies":[{"embeddable":true,"href":"https:\/\/www.lejournalduforkane.com\/index.php\/wp-json\/wp\/v2\/comments?post=19568"}],"version-history":[{"count":1,"href":"https:\/\/www.lejournalduforkane.com\/index.php\/wp-json\/wp\/v2\/posts\/19568\/revisions"}],"predecessor-version":[{"id":19570,"href":"https:\/\/www.lejournalduforkane.com\/index.php\/wp-json\/wp\/v2\/posts\/19568\/revisions\/19570"}],"wp:attachment":[{"href":"https:\/\/www.lejournalduforkane.com\/index.php\/wp-json\/wp\/v2\/media?parent=19568"}],"wp:term":[{"taxonomy":"category","embeddable":true,"href":"https:\/\/www.lejournalduforkane.com\/index.php\/wp-json\/wp\/v2\/categories?post=19568"},{"taxonomy":"post_tag","embeddable":true,"href":"https:\/\/www.lejournalduforkane.com\/index.php\/wp-json\/wp\/v2\/tags?post=19568"}],"curies":[{"name":"wp","href":"https:\/\/api.w.org\/{rel}","templated":true}]}}