
{"id":19590,"date":"2018-06-12T08:36:47","date_gmt":"2018-06-12T08:36:47","guid":{"rendered":"https:\/\/www.lejournalduforkane.com\/?p=19590"},"modified":"2018-06-13T17:09:52","modified_gmt":"2018-06-13T17:09:52","slug":"roger-waters-pink-floyd-defend-la-palestine-en-australie","status":"publish","type":"post","link":"https:\/\/www.lejournalduforkane.com\/index.php\/roger-waters-pink-floyd-defend-la-palestine-en-australie\/","title":{"rendered":"Roger Waters (Pink Floyd) d\u00e9fend la Palestine en Australie"},"content":{"rendered":"<p><!--more--><\/p>\n<p style=\"text-align: justify;\">Roger Waters s&rsquo;est engag\u00e9 pour la cause palestinienne, la star du groupe Pink Floyd soutien le BDS (Boycott D\u00e9sinvestissement Sanctions contre isra\u00ebl).<\/p>\n<p><iframe loading=\"lazy\" src=\"\/\/rutube.ru\/play\/embed\/10987387\" width=\"620\" height=\"305\" frameborder=\"0\" allowfullscreen=\"allowfullscreen\"><\/iframe><\/p>\n","protected":false},"excerpt":{"rendered":"Roger Waters s'est engag\u00e9 pour la cause palestinienne, la star du groupe Pink Floyd soutien le BDS (Boycott D\u00e9sinvestissement Sanctions contre isra\u00ebl).","protected":false},"author":2,"featured_media":0,"comment_status":"closed","ping_status":"open","sticky":false,"template":"","format":"standard","meta":[],"categories":[49],"tags":[],"_links":{"self":[{"href":"https:\/\/www.lejournalduforkane.com\/index.php\/wp-json\/wp\/v2\/posts\/19590"}],"collection":[{"href":"https:\/\/www.lejournalduforkane.com\/index.php\/wp-json\/wp\/v2\/posts"}],"about":[{"href":"https:\/\/www.lejournalduforkane.com\/index.php\/wp-json\/wp\/v2\/types\/post"}],"author":[{"embeddable":true,"href":"https:\/\/www.lejournalduforkane.com\/index.php\/wp-json\/wp\/v2\/users\/2"}],"replies":[{"embeddable":true,"href":"https:\/\/www.lejournalduforkane.com\/index.php\/wp-json\/wp\/v2\/comments?post=19590"}],"version-history":[{"count":3,"href":"https:\/\/www.lejournalduforkane.com\/index.php\/wp-json\/wp\/v2\/posts\/19590\/revisions"}],"predecessor-version":[{"id":19594,"href":"https:\/\/www.lejournalduforkane.com\/index.php\/wp-json\/wp\/v2\/posts\/19590\/revisions\/19594"}],"wp:attachment":[{"href":"https:\/\/www.lejournalduforkane.com\/index.php\/wp-json\/wp\/v2\/media?parent=19590"}],"wp:term":[{"taxonomy":"category","embeddable":true,"href":"https:\/\/www.lejournalduforkane.com\/index.php\/wp-json\/wp\/v2\/categories?post=19590"},{"taxonomy":"post_tag","embeddable":true,"href":"https:\/\/www.lejournalduforkane.com\/index.php\/wp-json\/wp\/v2\/tags?post=19590"}],"curies":[{"name":"wp","href":"https:\/\/api.w.org\/{rel}","templated":true}]}}