
{"id":19595,"date":"2018-03-09T08:45:46","date_gmt":"2018-03-09T08:45:46","guid":{"rendered":"https:\/\/www.lejournalduforkane.com\/?p=19595"},"modified":"2018-03-09T08:46:54","modified_gmt":"2018-03-09T08:46:54","slug":"cette-video-a-ete-divulguee-avant-hier-apres-une-reunion-du-conseil-des-droits-de-lhomme-et-apres-avoir-ecoute-laudience-et-verse-des-larmes-de-crocodile-sur-les-civils-syriens-pris-en-otage-par-d","status":"publish","type":"post","link":"https:\/\/www.lejournalduforkane.com\/index.php\/cette-video-a-ete-divulguee-avant-hier-apres-une-reunion-du-conseil-des-droits-de-lhomme-et-apres-avoir-ecoute-laudience-et-verse-des-larmes-de-crocodile-sur-les-civils-syriens-pris-en-otage-par-d\/","title":{"rendered":"Cette vid\u00e9o a \u00e9t\u00e9 divulgu\u00e9e avant-hier apr\u00e8s une r\u00e9union du Conseil des Droits de l&rsquo;Homme et apr\u00e8s avoir \u00e9cout\u00e9 l&rsquo;audience et vers\u00e9 des larmes de crocodile sur les civils syriens pris en otage par des terroristes salafistes dans la Ghouta orientale !"},"content":{"rendered":"<p><!--more--><\/p>\n<p><iframe loading=\"lazy\" src=\"\/\/rutube.ru\/play\/embed\/10987431\" width=\"620\" height=\"305\" frameborder=\"0\" allowfullscreen=\"allowfullscreen\"><\/iframe><\/p>\n","protected":false},"excerpt":{"rendered":"","protected":false},"author":2,"featured_media":0,"comment_status":"closed","ping_status":"open","sticky":false,"template":"","format":"standard","meta":[],"categories":[49],"tags":[],"_links":{"self":[{"href":"https:\/\/www.lejournalduforkane.com\/index.php\/wp-json\/wp\/v2\/posts\/19595"}],"collection":[{"href":"https:\/\/www.lejournalduforkane.com\/index.php\/wp-json\/wp\/v2\/posts"}],"about":[{"href":"https:\/\/www.lejournalduforkane.com\/index.php\/wp-json\/wp\/v2\/types\/post"}],"author":[{"embeddable":true,"href":"https:\/\/www.lejournalduforkane.com\/index.php\/wp-json\/wp\/v2\/users\/2"}],"replies":[{"embeddable":true,"href":"https:\/\/www.lejournalduforkane.com\/index.php\/wp-json\/wp\/v2\/comments?post=19595"}],"version-history":[{"count":2,"href":"https:\/\/www.lejournalduforkane.com\/index.php\/wp-json\/wp\/v2\/posts\/19595\/revisions"}],"predecessor-version":[{"id":19598,"href":"https:\/\/www.lejournalduforkane.com\/index.php\/wp-json\/wp\/v2\/posts\/19595\/revisions\/19598"}],"wp:attachment":[{"href":"https:\/\/www.lejournalduforkane.com\/index.php\/wp-json\/wp\/v2\/media?parent=19595"}],"wp:term":[{"taxonomy":"category","embeddable":true,"href":"https:\/\/www.lejournalduforkane.com\/index.php\/wp-json\/wp\/v2\/categories?post=19595"},{"taxonomy":"post_tag","embeddable":true,"href":"https:\/\/www.lejournalduforkane.com\/index.php\/wp-json\/wp\/v2\/tags?post=19595"}],"curies":[{"name":"wp","href":"https:\/\/api.w.org\/{rel}","templated":true}]}}