
{"id":196,"date":"2020-09-22T14:45:50","date_gmt":"2020-09-22T14:45:50","guid":{"rendered":"http:\/\/190.120.228.92\/neptune\/?p=196"},"modified":"2020-09-22T17:56:57","modified_gmt":"2020-09-22T17:56:57","slug":"lislam-est-attaque-2-laffaire-du-foulard","status":"publish","type":"post","link":"https:\/\/www.lejournalduforkane.com\/index.php\/lislam-est-attaque-2-laffaire-du-foulard\/","title":{"rendered":"L\u2019Islam est attaqu\u00e9 (02): \u00ab L&rsquo;affaire du foulard islamique \u00bb"},"content":{"rendered":"<p style=\"text-align: justify;\">On se souvient de la dite \u00ab affaire du foulard islamique \u00bb. Cette affaire a \u00e9t\u00e9 intentionnellement entour\u00e9e<!--more--> d\u2019un tapage m\u00e9diatique de terreur d\u2019une rare violence pour \u00e9touffer toute voix discordante, musulmane ou autre, qui \u00e9tait \u00e0 juste titre contre son interdiction \u00e0 l\u2019\u00e9cole.<\/p>\n<p style=\"text-align: justify;\">Cette soci\u00e9t\u00e9 occidentale en g\u00e9n\u00e9rale et fran\u00e7aise en particulier, est en perdition, en faillite. Ils ont peur <img loading=\"lazy\" class=\" wp-image-10239 alignright\" src=\"https:\/\/www.lejournalduforkane.com\/wp-content\/uploads\/2013\/08\/croix-gammee-mosquee-300x200.jpg\" alt=\"croix-gammee-mosquee\" width=\"231\" height=\"154\" srcset=\"https:\/\/www.lejournalduforkane.com\/wp-content\/uploads\/2013\/08\/croix-gammee-mosquee-300x200.jpg 300w, https:\/\/www.lejournalduforkane.com\/wp-content\/uploads\/2013\/08\/croix-gammee-mosquee.jpg 512w\" sizes=\"(max-width: 231px) 100vw, 231px\" \/>que quelques jeunes filles courageuses attirent les jeunes filles malheureuses d\u2019Europe \u00e0 se couvrir voire \u00e0 se convertir pour n\u2019\u00eatre plus un objet sexuel aux mains de ceux qui dirigent la soci\u00e9t\u00e9, de derri\u00e8re les journalistes. H\u00e9las ! les corrompus ont retard\u00e9 le salut des jeunes fran\u00e7ais. Pour l\u2019instant, ils sombrent dans la drogue, l\u2019alcool et la d\u00e9linquance. Les autorit\u00e9s dissuadent de fumer la cigarette pour mieux orienter les jeunes vers d\u2019autres consommations plus dangereuses comme le haschich. C\u2019est un pi\u00e8ge.<\/p>\n<p style=\"text-align: justify;\">Apr\u00e8s l\u2019interdiction du foulard \u00e0 l\u2019\u00e9cole, les sionistes avancent d\u00e9termin\u00e9s contre le voile \u00ab int\u00e9gral \u00bb dans toute l\u2019Europe. Les Pays Bas et <img loading=\"lazy\" class=\"size-medium wp-image-10241 alignleft\" src=\"https:\/\/www.lejournalduforkane.com\/wp-content\/uploads\/2013\/08\/marianne-300x157.jpg\" alt=\"marianne\" width=\"300\" height=\"157\" srcset=\"https:\/\/www.lejournalduforkane.com\/wp-content\/uploads\/2013\/08\/marianne-300x157.jpg 300w, https:\/\/www.lejournalduforkane.com\/wp-content\/uploads\/2013\/08\/marianne.jpg 421w\" sizes=\"(max-width: 300px) 100vw, 300px\" \/>la France commencent. Ils parlent de \u00ab burqa \u00bb, chose tr\u00e8s mal vue depuis l\u2019intervention des talibans en Afghanistan. L\u2019association \u00ab burqa-taliban \u00bb suffit \u00e0 la discr\u00e9diter alors que la burqa \u00e9taient avant les talibans. C\u2019est une tradition noble afghane.<br \/>\nCette volont\u00e9 d\u2019interdire s\u2019\u00e9tend d\u00e9j\u00e0 \u00e0 des pays arabe comme le Maroc. Il ne faudra pas s\u2019\u00e9tonner si l\u2019on vient \u00e0 abolir le simple voile dans les rues. Une nouvelle terreur prend forme. Les Musulmans devront r\u00e9agir en \u00e9vitant les \u00e9cueils de la r\u00e9cup\u00e9ration par les fant\u00f4mes sionistes d\u2019\u00ab Al-Qa\u00efda \u00bb, et l\u2019utilisation anarchique et manipul\u00e9 de la violence. Il faudra r\u00e9sister en d\u00e9sob\u00e9issant.<\/p>\n<p style=\"text-align: justify;\">En France, les jeunes musulmans finissent souvent en prison, et la drogue les marginalise. C\u2019est la m\u00eame chose aux Etats-Unis contre les Noirs : le pass\u00e9 de prisonnier ne permet pas \u00e0 1 tiers des Noirs d\u2019aller voter. Les journalistes diffusent un racisme g\u00e9n\u00e9ralis\u00e9 et diffus. Pour contrer une possible r\u00e9sistance des jeunes musulmans, les services secrets d\u00e9veloppent la secte des salafistes qui les \u00e9garent dans une violence impuissante et st\u00e9rile.<img loading=\"lazy\" class=\" wp-image-10461 alignright\" src=\"https:\/\/www.lejournalduforkane.com\/wp-content\/uploads\/2016\/03\/islam-attaqu\u00e9.2-300x159.jpg\" alt=\"islam attaqu\u00e9.2\" width=\"251\" height=\"133\" srcset=\"https:\/\/www.lejournalduforkane.com\/wp-content\/uploads\/2016\/03\/islam-attaqu\u00e9.2-300x159.jpg 300w, https:\/\/www.lejournalduforkane.com\/wp-content\/uploads\/2016\/03\/islam-attaqu\u00e9.2.jpg 419w\" sizes=\"(max-width: 251px) 100vw, 251px\" \/><\/p>\n<p style=\"text-align: justify;\">Cette nouvelle Inquisition \u00e0 l\u2019\u00e9chelle de toute l\u2019Europe voire du monde entier se met en place. Le voile islamique voudra dire la mort. Les Musulmans seront contraints \u00e0 se cacher pour r\u00e9sister \u00e0 la pers\u00e9cution. Il faudra s\u2019organiser sinon l\u2019Islam sera \u00e9radiqu\u00e9 en une g\u00e9n\u00e9ration. En attaquant la femme ont d\u00e9truit les fondements de la religion. Nulle id\u00e9ologie ou religion ne peut affronter l\u2019Islam, la terreur est l\u2019ultime recours de l\u2019ennemi.<\/p>\n<p style=\"text-align: justify;\"><strong>En attendant la venue du Mahdi, sachons prier et \u00e9tendre notre religion au plus grand nombre. Ainsi il viendra pour nous sauver car Dieu nous le fera conna\u00eetre.<\/strong><\/p>\n","protected":false},"excerpt":{"rendered":"<p>On se souvient de la dite \u00ab affaire du foulard islamique \u00bb. Cette affaire a \u00e9t\u00e9 intentionnellement entour\u00e9e<\/p>\n","protected":false},"author":2,"featured_media":15838,"comment_status":"open","ping_status":"closed","sticky":false,"template":"","format":"standard","meta":[],"categories":[],"tags":[],"_links":{"self":[{"href":"https:\/\/www.lejournalduforkane.com\/index.php\/wp-json\/wp\/v2\/posts\/196"}],"collection":[{"href":"https:\/\/www.lejournalduforkane.com\/index.php\/wp-json\/wp\/v2\/posts"}],"about":[{"href":"https:\/\/www.lejournalduforkane.com\/index.php\/wp-json\/wp\/v2\/types\/post"}],"author":[{"embeddable":true,"href":"https:\/\/www.lejournalduforkane.com\/index.php\/wp-json\/wp\/v2\/users\/2"}],"replies":[{"embeddable":true,"href":"https:\/\/www.lejournalduforkane.com\/index.php\/wp-json\/wp\/v2\/comments?post=196"}],"version-history":[{"count":5,"href":"https:\/\/www.lejournalduforkane.com\/index.php\/wp-json\/wp\/v2\/posts\/196\/revisions"}],"predecessor-version":[{"id":23328,"href":"https:\/\/www.lejournalduforkane.com\/index.php\/wp-json\/wp\/v2\/posts\/196\/revisions\/23328"}],"wp:featuredmedia":[{"embeddable":true,"href":"https:\/\/www.lejournalduforkane.com\/index.php\/wp-json\/wp\/v2\/media\/15838"}],"wp:attachment":[{"href":"https:\/\/www.lejournalduforkane.com\/index.php\/wp-json\/wp\/v2\/media?parent=196"}],"wp:term":[{"taxonomy":"category","embeddable":true,"href":"https:\/\/www.lejournalduforkane.com\/index.php\/wp-json\/wp\/v2\/categories?post=196"},{"taxonomy":"post_tag","embeddable":true,"href":"https:\/\/www.lejournalduforkane.com\/index.php\/wp-json\/wp\/v2\/tags?post=196"}],"curies":[{"name":"wp","href":"https:\/\/api.w.org\/{rel}","templated":true}]}}