
{"id":19634,"date":"2018-03-11T08:52:08","date_gmt":"2018-03-11T08:52:08","guid":{"rendered":"https:\/\/www.lejournalduforkane.com\/?p=19634"},"modified":"2018-03-11T08:52:08","modified_gmt":"2018-03-11T08:52:08","slug":"ecoutez-cette-vieille-femme-courageuse-qui-decrit-la-situation-dans-la-ghouta","status":"publish","type":"post","link":"https:\/\/www.lejournalduforkane.com\/index.php\/ecoutez-cette-vieille-femme-courageuse-qui-decrit-la-situation-dans-la-ghouta\/","title":{"rendered":"Ecoutez cette vieille femme courageuse qui d\u00e9crit la situation dans la Ghouta"},"content":{"rendered":"<p><!--more--><\/p>\n<p style=\"text-align: justify;\">Ecoutez cette vieille femme courageuse qui d\u00e9crit la situation dans la Ghouta : \u00a0\u00bb je demande \u00e0 Dieu de ne pas \u00eatre avec eux (les terroristes salafistes), ils ont vendu le pays et ils ont vendu notre maison, un groupe de chiens est entr\u00e9 dans notre ville. Ils ont fait passer leur argent et couru en Turquie. Ils nous ont laiss\u00e9 mourrir de faim. Ils ont d\u00e9truit nos maisons. On les veut dehors et on va s&rsquo;en sortir.\u00a0\u00bb<\/p>\n<p><iframe loading=\"lazy\" src=\"\/\/rutube.ru\/play\/embed\/10991950\" width=\"620\" height=\"405\" frameborder=\"0\" allowfullscreen=\"allowfullscreen\"><\/iframe><\/p>\n","protected":false},"excerpt":{"rendered":"Ecoutez cette vieille femme courageuse qui d\u00e9crit la situation dans la Ghouta : \" je demande \u00e0 Dieu de ne pas \u00eatre avec eux (les terroristes salafistes), ils ont vendu","protected":false},"author":2,"featured_media":0,"comment_status":"closed","ping_status":"open","sticky":false,"template":"","format":"standard","meta":[],"categories":[49],"tags":[],"_links":{"self":[{"href":"https:\/\/www.lejournalduforkane.com\/index.php\/wp-json\/wp\/v2\/posts\/19634"}],"collection":[{"href":"https:\/\/www.lejournalduforkane.com\/index.php\/wp-json\/wp\/v2\/posts"}],"about":[{"href":"https:\/\/www.lejournalduforkane.com\/index.php\/wp-json\/wp\/v2\/types\/post"}],"author":[{"embeddable":true,"href":"https:\/\/www.lejournalduforkane.com\/index.php\/wp-json\/wp\/v2\/users\/2"}],"replies":[{"embeddable":true,"href":"https:\/\/www.lejournalduforkane.com\/index.php\/wp-json\/wp\/v2\/comments?post=19634"}],"version-history":[{"count":1,"href":"https:\/\/www.lejournalduforkane.com\/index.php\/wp-json\/wp\/v2\/posts\/19634\/revisions"}],"predecessor-version":[{"id":19636,"href":"https:\/\/www.lejournalduforkane.com\/index.php\/wp-json\/wp\/v2\/posts\/19634\/revisions\/19636"}],"wp:attachment":[{"href":"https:\/\/www.lejournalduforkane.com\/index.php\/wp-json\/wp\/v2\/media?parent=19634"}],"wp:term":[{"taxonomy":"category","embeddable":true,"href":"https:\/\/www.lejournalduforkane.com\/index.php\/wp-json\/wp\/v2\/categories?post=19634"},{"taxonomy":"post_tag","embeddable":true,"href":"https:\/\/www.lejournalduforkane.com\/index.php\/wp-json\/wp\/v2\/tags?post=19634"}],"curies":[{"name":"wp","href":"https:\/\/api.w.org\/{rel}","templated":true}]}}