
{"id":19652,"date":"2018-03-12T20:01:35","date_gmt":"2018-03-12T20:01:35","guid":{"rendered":"https:\/\/www.lejournalduforkane.com\/?p=19652"},"modified":"2018-03-12T20:01:35","modified_gmt":"2018-03-12T20:01:35","slug":"les-militants-du-royaume-uni-font-une-tournee-en-bus-a-londres-pour-protester-contre-la-visite-du-prince-heritier-saoudien-muhammad-bin-salman","status":"publish","type":"post","link":"https:\/\/www.lejournalduforkane.com\/index.php\/les-militants-du-royaume-uni-font-une-tournee-en-bus-a-londres-pour-protester-contre-la-visite-du-prince-heritier-saoudien-muhammad-bin-salman\/","title":{"rendered":"Les militants du Royaume-Uni font une tourn\u00e9e en bus \u00e0 Londres pour protester contre la visite du Prince H\u00e9ritier Saoudien Muhammad bin Salman"},"content":{"rendered":"<p><!--more--><\/p>\n<p style=\"text-align: justify;\">Vous devez regarder cette vid\u00e9o : Les militants du Royaume-Uni font une tourn\u00e9e en bus \u00e0 Londres pour protester contre la visite du Prince H\u00e9ritier Saoudien Muhammad bin Salman.<\/p>\n<p style=\"text-align: justify;\">Un grand merci aux gens du Royaume-Uni, la crise du Y\u00e9men finira par votre aide.<\/p>\n<p><iframe loading=\"lazy\" width=\"620\" height=\"405\" src=\"\/\/rutube.ru\/play\/embed\/10995197\" frameborder=\"0\" webkitAllowFullScreen mozallowfullscreen allowfullscreen><\/iframe><\/p>\n","protected":false},"excerpt":{"rendered":"Vous devez regarder cette vid\u00e9o : Les militants du Royaume-Uni font une tourn\u00e9e en bus \u00e0 Londres pour protester contre la visite du Prince H\u00e9ritier Saoudien Muhammad bin Salman. Un","protected":false},"author":2,"featured_media":0,"comment_status":"closed","ping_status":"open","sticky":false,"template":"","format":"standard","meta":[],"categories":[49],"tags":[],"_links":{"self":[{"href":"https:\/\/www.lejournalduforkane.com\/index.php\/wp-json\/wp\/v2\/posts\/19652"}],"collection":[{"href":"https:\/\/www.lejournalduforkane.com\/index.php\/wp-json\/wp\/v2\/posts"}],"about":[{"href":"https:\/\/www.lejournalduforkane.com\/index.php\/wp-json\/wp\/v2\/types\/post"}],"author":[{"embeddable":true,"href":"https:\/\/www.lejournalduforkane.com\/index.php\/wp-json\/wp\/v2\/users\/2"}],"replies":[{"embeddable":true,"href":"https:\/\/www.lejournalduforkane.com\/index.php\/wp-json\/wp\/v2\/comments?post=19652"}],"version-history":[{"count":1,"href":"https:\/\/www.lejournalduforkane.com\/index.php\/wp-json\/wp\/v2\/posts\/19652\/revisions"}],"predecessor-version":[{"id":19654,"href":"https:\/\/www.lejournalduforkane.com\/index.php\/wp-json\/wp\/v2\/posts\/19652\/revisions\/19654"}],"wp:attachment":[{"href":"https:\/\/www.lejournalduforkane.com\/index.php\/wp-json\/wp\/v2\/media?parent=19652"}],"wp:term":[{"taxonomy":"category","embeddable":true,"href":"https:\/\/www.lejournalduforkane.com\/index.php\/wp-json\/wp\/v2\/categories?post=19652"},{"taxonomy":"post_tag","embeddable":true,"href":"https:\/\/www.lejournalduforkane.com\/index.php\/wp-json\/wp\/v2\/tags?post=19652"}],"curies":[{"name":"wp","href":"https:\/\/api.w.org\/{rel}","templated":true}]}}